{"id":9496,"date":"2011-12-06T05:36:38","date_gmt":"2011-12-06T04:36:38","guid":{"rendered":"http:\/\/www.fjs1970.se\/?p=9496"},"modified":"2011-12-06T05:36:38","modified_gmt":"2011-12-06T04:36:38","slug":"lojtnant-gustav","status":"publish","type":"post","link":"https:\/\/www.fjs1970.se\/?p=9496","title":{"rendered":"L\u00f6jtnant Gustav"},"content":{"rendered":"<div id=\"attachment_9498\" style=\"width: 727px\" class=\"wp-caption alignnone\"><img loading=\"lazy\" decoding=\"async\" aria-describedby=\"caption-attachment-9498\" class=\"size-large wp-image-9498 \" title=\"KONICA MINOLTA DIGITAL CAMERA\" src=\"http:\/\/www.fjs1970.se\/wp-content\/uploads\/2011\/09\/PICT12201-1024x720.jpg\" alt=\"\" width=\"717\" height=\"504\" srcset=\"https:\/\/www.fjs1970.se\/wp-content\/uploads\/2011\/09\/PICT12201-1024x720.jpg 1024w, https:\/\/www.fjs1970.se\/wp-content\/uploads\/2011\/09\/PICT12201-300x210.jpg 300w, https:\/\/www.fjs1970.se\/wp-content\/uploads\/2011\/09\/PICT12201.jpg 1280w\" sizes=\"auto, (max-width: 717px) 100vw, 717px\" \/><p id=\"caption-attachment-9498\" class=\"wp-caption-text\">Gustav mellan Klang och Bj\u00f6rnstr\u00f6m med G\u00f6thner i bakgrunden.<\/p><\/div>\n<div id=\"attachment_9573\" style=\"width: 727px\" class=\"wp-caption alignnone\"><img loading=\"lazy\" decoding=\"async\" aria-describedby=\"caption-attachment-9573\" class=\"size-large wp-image-9573 \" title=\"KONICA MINOLTA DIGITAL CAMERA\" src=\"http:\/\/www.fjs1970.se\/wp-content\/uploads\/2011\/09\/Gustav-bredvid-servicem\u00e4n-1024x477.jpg\" alt=\"\" width=\"717\" height=\"334\" srcset=\"https:\/\/www.fjs1970.se\/wp-content\/uploads\/2011\/09\/Gustav-bredvid-servicem\u00e4n-1024x477.jpg 1024w, https:\/\/www.fjs1970.se\/wp-content\/uploads\/2011\/09\/Gustav-bredvid-servicem\u00e4n-300x139.jpg 300w, https:\/\/www.fjs1970.se\/wp-content\/uploads\/2011\/09\/Gustav-bredvid-servicem\u00e4n.jpg 1280w\" sizes=\"auto, (max-width: 717px) 100vw, 717px\" \/><p id=\"caption-attachment-9573\" class=\"wp-caption-text\">Gustav en aning b\u00e5ngstyrig och bredvid st\u00e5r v\u00e5ra trevliga servicem\u00e4n.<\/p><\/div>\n<p><span style=\"color: #e9c39a;\">.<\/span><\/p>\n<h5>Ur tidningen \u00d6rnen, julnumret 1966<\/h5>\n<p><img loading=\"lazy\" decoding=\"async\" class=\"alignnone size-large wp-image-9550\" title=\"Gustav\" src=\"http:\/\/www.fjs1970.se\/wp-content\/uploads\/2011\/09\/Gustav1-1024x762.jpg\" alt=\"\" width=\"717\" height=\"533\" srcset=\"https:\/\/www.fjs1970.se\/wp-content\/uploads\/2011\/09\/Gustav1-1024x762.jpg 1024w, https:\/\/www.fjs1970.se\/wp-content\/uploads\/2011\/09\/Gustav1-300x223.jpg 300w, https:\/\/www.fjs1970.se\/wp-content\/uploads\/2011\/09\/Gustav1.jpg 1114w\" sizes=\"auto, (max-width: 717px) 100vw, 717px\" \/><\/p>\n<p><span style=\"color: #e9c39a;\">.<\/span><\/p>\n<p style=\"text-align: center;\">\u2666<\/p>\n<p><span style=\"color: #e9c39a;\">.<\/span><\/p>\n<p><span style=\"color: #e9c39a;\">.<\/span><\/p>\n<h5>Ur tidningen \u00d6rnen nr.52, sommarnummer 1969.<\/h5>\n<p>&nbsp;<\/p>\n<blockquote><p><span style=\"color: #0000ff;\"><em>Organisationen Herr Gustaf<\/em><\/span><\/p>\n<p><span style=\"color: #0000ff;\"><em>I \u00e5r har Herr Gustav f\u00e5tt en ordnad organisation. Under det g\u00e5ngna \u00e5ret s\u00e5g jag v\u00e5r maskot bli mer och mer missk\u00f6tt. D\u00e5 besl\u00f6t jag mig f\u00f6r att st\u00e4lla allt i perfekt ordning. Efter att ha f\u00e5tt min beskrivning av t\u00e4nkta f\u00f6rb\u00e4ttringar godk\u00e4nd av skolchefen satte jag arbetet i rullning. Komp informerades och godk\u00e4nde mitt f\u00f6rslag. Vi b\u00f6rjade renovera gethuset, byggde om allt fr\u00e5n golv till tak. Herr Gustavs hus har nu blivit en boning v\u00e4rd v\u00e5r maskot.<\/em><\/span><\/p>\n<p><span style=\"color: #0000ff;\"><em>Ombyggnaden har finansierats av inneliggande \u00e5ldersklass med 5 kronor\/m\u00e5nad och person. Arbetena \u00e4r utf\u00f6rda av kompaniets egna snickarf\u00f6rm\u00e5gor och frivilliga vpl.<\/em><\/span><\/p>\n<p><span style=\"color: #0000ff;\"><em>Den gamla org var en getm\u00e4stare och tv\u00e5 getsk\u00f6tare. Dessa uttogs p\u00e5 frivillig v\u00e4g. Det visade sig snart att getm\u00e4staren blev ensam eftersom skolan har viss avfolkning. Inga nya valdes utan skolans bef\u00e4l fick slita med Gustav. Gustav \u00e4r de vpl maskot, ink\u00f6pt av de vpl och skall s\u00e5ledes sk\u00f6tas av de vpl.<\/em><\/span><\/p>\n<p><span style=\"color: #0000ff;\"><em>Min nya org \u00e4r: En chef f\u00f6r org (vpl furir) tre getm\u00e4stare (en per pluton). Gustav sk\u00f6ts av ett log\/vecka. Jag har byggt upp alltsammans med f\u00f6rhoppning om att det skall vara minst tio \u00e5r fram\u00e5t. Nu m\u00f6ts v\u00e5ra turister av en v\u00e4lsk\u00f6tt get i ett fint gethus.<\/em><\/span><\/p>\n<p><span style=\"color: #0000ff;\"><em>Herr Gustav tackar komp f\u00f6r det fina gethuset och den sk\u00f6tsel han nu f\u00e5r. Jag vill tacka skolch och de p\u00e5 komp som st\u00e5tt mig n\u00e4rmast under arbetena, fr\u00e4mst d\u00e5 122Persson p\u00e5 1.plut, som visat stort intresse och arbetsvilja. Jag hoppas att komp tar \u00f6ver p\u00e5 ett riktigt s\u00e4tt och f\u00f6r traditionen vidare.<\/em><\/span><\/p>\n<p><span class=\"Apple-style-span\" style=\"color: #0000ff;\"><em>Johnny B P\u00e5hlsson<\/em><\/span><\/p>\n<p><span style=\"color: #0000ff;\"><em>Furir PCS 1968-1969<\/em><\/span><\/p>\n<p><span style=\"color: #e9c39a;\">.<\/span><\/p><\/blockquote>\n<p>&nbsp;<\/p>\n<p><span style=\"color: #e9c39a;\">.<\/span><\/p>\n<h5>Utdrag ur kapten \u00d6sterbloms ber\u00e4ttelse i tidningen \u00d6rnens jubileumsnummer 1977<\/h5>\n<p><span style=\"color: #e9c39a;\">.<\/span><\/p>\n<p><img loading=\"lazy\" decoding=\"async\" class=\"alignnone size-large wp-image-9783\" title=\"Geten Gustav av \u00d6sterblom\" src=\"http:\/\/www.fjs1970.se\/wp-content\/uploads\/2011\/10\/Geten-Gustav-av-\u00d6sterblom-1024x728.jpg\" alt=\"\" width=\"717\" height=\"510\" srcset=\"https:\/\/www.fjs1970.se\/wp-content\/uploads\/2011\/10\/Geten-Gustav-av-\u00d6sterblom-1024x728.jpg 1024w, https:\/\/www.fjs1970.se\/wp-content\/uploads\/2011\/10\/Geten-Gustav-av-\u00d6sterblom-300x213.jpg 300w, https:\/\/www.fjs1970.se\/wp-content\/uploads\/2011\/10\/Geten-Gustav-av-\u00d6sterblom.jpg 1280w\" sizes=\"auto, (max-width: 717px) 100vw, 717px\" \/><\/p>\n<p><span style=\"color: #e9c39a;\">.<\/span><\/p>\n<p>&nbsp;<\/p>\n<p><img loading=\"lazy\" decoding=\"async\" class=\"size-full wp-image-9504 aligncenter\" title=\"Gustav\" src=\"http:\/\/www.fjs1970.se\/wp-content\/uploads\/2011\/09\/Gustav.jpg\" alt=\"\" width=\"307\" height=\"384\" srcset=\"https:\/\/www.fjs1970.se\/wp-content\/uploads\/2011\/09\/Gustav.jpg 307w, https:\/\/www.fjs1970.se\/wp-content\/uploads\/2011\/09\/Gustav-239x300.jpg 239w\" sizes=\"auto, (max-width: 307px) 100vw, 307px\" \/><\/p>\n<p><span style=\"color: #e9c39a;\">.<\/span><\/p>\n<p style=\"text-align: center;\">\u2666<\/p>\n<p style=\"text-align: left;\"><span style=\"color: #e8c790;\">.<\/span><\/p>\n<p style=\"text-align: left;\"><span style=\"color: #e8c790;\">.<\/span><\/p>\n<h5>Fallsk\u00e4rmsj\u00e4gare!<\/h5>\n<p>Ni som har n\u00e5got trevligt (eller otrevligt) minne av Gustav f\u00e5r g\u00e4rna skicka det till mig, s\u00e5 publicerar jag det h\u00e4r p\u00e5 hemsidan. Geten Gustav var ju tvekl\u00f6st en del av v\u00e5r vardag under tiden vid FJS och b\u00f6r v\u00e4l ha satt sina sp\u00e5r hos m\u00e5nga av oss.<\/p>\n<p><span style=\"color: #e8c790;\">.<\/span><\/p>\n<p>Kalleborg den 6 december 2011<\/p>\n<p>Svante<\/p>\n<p><span style=\"color: #e8c790;\">.<\/span><\/p>\n<p><span style=\"color: #e8c790;\">.<\/span><\/p>\n<p><img loading=\"lazy\" decoding=\"async\" class=\"size-full wp-image-5241 aligncenter\" title=\"FJS-m\u00e4rke 1970\" src=\"http:\/\/www.fjs1970.se\/wp-content\/uploads\/2010\/06\/FJS-m\u00e4rke1.jpg\" alt=\"\" width=\"86\" height=\"104\" srcset=\"https:\/\/www.fjs1970.se\/wp-content\/uploads\/2010\/06\/FJS-m\u00e4rke1.jpg 397w, https:\/\/www.fjs1970.se\/wp-content\/uploads\/2010\/06\/FJS-m\u00e4rke1-248x300.jpg 248w\" sizes=\"auto, (max-width: 86px) 100vw, 86px\" \/><\/p>\n<h1 style=\"text-align: center;\">\u25ca<\/h1>\n","protected":false},"excerpt":{"rendered":"<p>. Ur tidningen \u00d6rnen, julnumret 1966 . \u2666 . . Ur tidningen \u00d6rnen nr.52, sommarnummer 1969. &nbsp; Organisationen Herr Gustaf I \u00e5r har Herr Gustav f\u00e5tt en ordnad organisation. Under det g\u00e5ngna \u00e5ret s\u00e5g jag v\u00e5r maskot bli mer och mer missk\u00f6tt. D\u00e5 besl\u00f6t jag mig f\u00f6r att st\u00e4lla allt i perfekt ordning. Efter att [&hellip;]<\/p>\n","protected":false},"author":1,"featured_media":0,"comment_status":"closed","ping_status":"closed","sticky":false,"template":"","format":"standard","meta":{"footnotes":""},"categories":[9],"tags":[6,5,79],"class_list":["post-9496","post","type-post","status-publish","format-standard","hentry","category-fjs-och-fallskarmsjagarna","tag-fallskarmsjagare","tag-fjs","tag-geten-gustav"],"_links":{"self":[{"href":"https:\/\/www.fjs1970.se\/index.php?rest_route=\/wp\/v2\/posts\/9496","targetHints":{"allow":["GET"]}}],"collection":[{"href":"https:\/\/www.fjs1970.se\/index.php?rest_route=\/wp\/v2\/posts"}],"about":[{"href":"https:\/\/www.fjs1970.se\/index.php?rest_route=\/wp\/v2\/types\/post"}],"author":[{"embeddable":true,"href":"https:\/\/www.fjs1970.se\/index.php?rest_route=\/wp\/v2\/users\/1"}],"replies":[{"embeddable":true,"href":"https:\/\/www.fjs1970.se\/index.php?rest_route=%2Fwp%2Fv2%2Fcomments&post=9496"}],"version-history":[{"count":44,"href":"https:\/\/www.fjs1970.se\/index.php?rest_route=\/wp\/v2\/posts\/9496\/revisions"}],"predecessor-version":[{"id":9883,"href":"https:\/\/www.fjs1970.se\/index.php?rest_route=\/wp\/v2\/posts\/9496\/revisions\/9883"}],"wp:attachment":[{"href":"https:\/\/www.fjs1970.se\/index.php?rest_route=%2Fwp%2Fv2%2Fmedia&parent=9496"}],"wp:term":[{"taxonomy":"category","embeddable":true,"href":"https:\/\/www.fjs1970.se\/index.php?rest_route=%2Fwp%2Fv2%2Fcategories&post=9496"},{"taxonomy":"post_tag","embeddable":true,"href":"https:\/\/www.fjs1970.se\/index.php?rest_route=%2Fwp%2Fv2%2Ftags&post=9496"}],"curies":[{"name":"wp","href":"https:\/\/api.w.org\/{rel}","templated":true}]}}