{"id":6847,"date":"2011-02-16T05:20:05","date_gmt":"2011-02-16T04:20:05","guid":{"rendered":"http:\/\/www.fjs1970.se\/?p=6847"},"modified":"2014-02-22T18:01:13","modified_gmt":"2014-02-22T17:01:13","slug":"debattinlagg-av-lojtnant-renstrom","status":"publish","type":"post","link":"https:\/\/www.fjs1970.se\/?p=6847","title":{"rendered":"Debattinl\u00e4gg av l\u00f6jtnant Renstr\u00f6m"},"content":{"rendered":"<p>Hej.<\/p>\n<p>Jag skulle vilja ta upp en id\u00e9. Undrar om vi skulle grunna p\u00e5 om vi hade bra eller d\u00e5lig utbildning. Alla s\u00e4ger naturligtvis enh\u00e4lligt &#8211; det var en bra utbildning. Vi klarade den.<\/p>\n<p>Jag l\u00e4ste f\u00f6r ett tag\u00a0sedan i en bok hur man p\u00e5 Kustj\u00e4garskolan f\u00f6rst br\u00f6t ner de v\u00e4rnpliktiga till botten och d\u00e4refter byggde upp dem igen. S\u00e5 g\u00f6r de i USA. Jag har aldrig gillat den modellen.\u00a0Under de sju \u00e5r som jag jobbade p\u00e5 FJS, fick vi in ett stort antal positiva och trevliga rekryter. I alla fall hade jag inte en enda tanke p\u00e5 att &#8221;bryta ned&#8221; en enda en. Vi k\u00e4mpade tillsammans f\u00f6r att f\u00e5 ett resultat. Vad jag k\u00e4mpade f\u00f6r under dessa \u00e5r var att f\u00e5 p\u00e5litliga m\u00e4nniskor att samarbeta med. Jag ins\u00e5g, att p\u00e5litlighet inte handlar om att bli ihj\u00e4lskr\u00e4md. I sv\u00e5ra stunder handlar det om n\u00e5got helt annat. Man m\u00e5ste ha det inom sig. Jag tror att det mera handlar om lojalitet.\u00a0P\u00e5 FJS hade vi f\u00f6rm\u00e5nen att utst\u00e5 sv\u00e5righeter tillsammans. Bef\u00e4l och v\u00e4rnpliktig gjorde precis samma sak. Inget bef\u00e4l kunde be n\u00e5gon annan att &#8221;ta min ryggs\u00e4ck &#8211; jag \u00e4r bef\u00e4l h\u00e4r&#8221;. Alla hade tillr\u00e4ckligt mycket att b\u00e4ra. Ingen kunde b\u00e4ra mer \u00e4n man gjorde. S\u00e5 kunde man g\u00f6ra p\u00e5 J\u00e4garskolan i Kiruna. Bef\u00e4len kunde sl\u00e4nga sina ryggs\u00e4ckar i en bandvagn och f\u00e5 dem tillbaka ett antal mil senare.<\/p>\n<p>Kanske jag inte har hittat r\u00e4tt i det formidabla arbete som Svante g\u00f6r. J\u00e4ttefint uppl\u00e4gg. Fina fotografier. Bra insatser fr\u00e5n m\u00e5nga. Men vad s\u00e4gs om en mera verbal insats fr\u00e5n oss som var med? Vad var bra och vad var mindre bra? Jag \u00e4r s\u00e5 gammal, s\u00e5 jag har inget mer att l\u00e4ra. Dessutom \u00e4r jag pension\u00e4r. Men det skulle vara himla roligt att f\u00e5 veta vad olika personer tycker.\u00a0F\u00f6r egen del inser jag att jag hade kunnat g\u00f6ra m\u00e5nga saker v\u00e4ldigt mycket b\u00e4ttre. Vad som har h\u00e4nt kan man ju inte \u00e4ndra p\u00e5. Det \u00e4r ju faktiskt s\u00e5, att man g\u00f6r s\u00e5 gott man kan. Om man har en positiv syn p\u00e5 &#8221;sina&#8221; rekryter, s\u00e5 kan det inte bli helt d\u00e5ligt.\u00a0Det skulle i alla fall vara v\u00e4ldigt intressant att f\u00e5 veta vad Fallsk\u00e4rmsj\u00e4garna tyckte om sin utbildning.\u00a0En stor h\u00e4ndelse i mitt liv var efter MUCK, kanske det var 1971. D\u00e5 satt ett antal Fallsk\u00e4rmsj\u00e4gare och surade p\u00e5 Sk\u00e4rmen. Ni f\u00e5r \u00e5ka hem nu &#8211; sa jag. Det var inte med entusiasm i blicken, som de reste hem.<\/p>\n<p>Jag kan t\u00e5la att f\u00e5 negativ kritik mot mig sj\u00e4lv. Det skulle faktiskt vara kul. Men jag kan inte \u00e4ndra p\u00e5 n\u00e5got. Det har ju g\u00e5tt n\u00e5gra \u00e5r. Men vad som \u00e4r intressant \u00e4r, om rekryterna p\u00e5 Fallsk\u00e4rmsj\u00e4garskolan k\u00e4nde sig &#8221;trakasserade&#8221;, on\u00f6digt h\u00e5rt behandlade eller n\u00e5got annat.\u00a0Furirerna hade vi en s\u00e4rskild bevakning p\u00e5 via Dagofficeren som bodde i l\u00e4gret. Men jag kan f\u00f6rst\u00e5 att det h\u00e4nde ett och annat.\u00a0 Jag \u00e4r s\u00e5 himla intresserad. Vad h\u00e4nde egentligen. Vad jag har upplevt, det har jag upplevt. Men jag vet kanske ingenting.<\/p>\n<p><span style=\"color: #e5c494;\">.<\/span><\/p>\n<p>SVANTE &#8211; Kul om Du nappar p\u00e5 denna id\u00e9n. Om tillr\u00e4ckligt m\u00e5nga nappar kan\u00a0det bli en bok. Jag har m\u00e5nga ber\u00e4ttelser i mitt huvud. T.ex<\/p>\n<p><span style=\"color: #000000;\">Vi kr\u00f6p f\u00f6rbi posterna i ett dike i trakten av Sollefte\u00e5 under flera timmar. Jag gick in till bataljonschefen i t\u00e4ltet. Jag sa\u00b4: &#8221;L\u00f6jtnant Renstr\u00f6m anm\u00e4ler sig&#8230;.. T\u00e4ltet \u00e4r omringat av 20 Fallsk\u00e4rmsj\u00e4gare. Skall vi \u00f6ppna eld&#8230;.?&#8221;. Det blev ingen eldgivning, men det blev ju\u00a0en oerh\u00f6rd framg\u00e5ng.<\/span><\/p>\n<p><span style=\"color: #000000;\">En annan g\u00e5ng blev vi luftlandsatta ovanf\u00f6r Sk\u00f6vde, fr\u00e5n en Herkules. Det var kolsvart natt. Pl\u00f6tsligt trampade jag i en halvmeter sn\u00f6, tre hundra meter upp i luften. Jag hade hamnat p\u00e5 en annan hoppares kalott. D\u00e5 tog jag n\u00e5gra snabb steg f\u00f6r att komma av. Det lyckades. Jag fick landa sj\u00e4lv. Annars hade ju den fallsk\u00e4rmen\u00a0tagit all luft fr\u00e5n min fallsk\u00e4rm. D\u00e5 hade det inte g\u00e5tt s\u00e5 bra.<\/span><\/p>\n<p><span style=\"color: #dab994;\">.<\/span><\/p>\n<p>N\u00e5got av detta vill jag g\u00e4rna h\u00f6ra ber\u00e4ttas fr\u00e5n de som var med. Det finns s\u00e4kert m\u00e5nga som kan ber\u00e4tta mera h\u00e4pnadsv\u00e4ckande saker.\u00a0L\u00e5t dem g\u00f6ra det &#8211; uppmuntra.\u00a0Om tillr\u00e4ckligt m\u00e5nga ber\u00e4ttar olika saker &#8211; kan det bli en bok. Jag vill vara med i den boken -p\u00e5 gott och ont.<\/p>\n<p><span style=\"color: #dab994;\">.<\/span><\/p>\n<p>Inte bara bilder &#8211; mera verbalt.<\/p>\n<p>Regards \/ Bertil<\/p>\n<p style=\"text-align: left;\"><span style=\"color: #e0c1a3;\">.<\/span><\/p>\n<p style=\"text-align: left;\"><span style=\"color: #e0c1a3;\">.<\/span><\/p>\n<p style=\"text-align: center;\"><span style=\"color: #000000;\">\u2666<\/span><\/p>\n<p style=\"text-align: left;\"><span style=\"color: #e0c1a3;\">.<\/span><\/p>\n<p style=\"text-align: left;\"><span style=\"color: #e0c1a3;\">.<\/span><\/p>\n<p>Bertil,<\/p>\n<p>jag inst\u00e4mmer i din uppmaning att vi tillsammans skapar en skattkista av minnen och synpunkter h\u00e4r p\u00e5 hemsidan. Det finns ett hav av upplevelser fr\u00e5n v\u00e5r tid vid FJS, det m\u00e4rks ju s\u00e5 tydligt n\u00e4r vi tr\u00e4ffas.\u00a0F\u00f6rhoppningsvis v\u00e4cker ditt brev tankar, lite adrenalin och skapar debatt. Det \u00e4r ju tillsammans som vi fyller inneh\u00e5llet p\u00e5 hemsidan och d\u00e5 g\u00e4ller det att vi \u00e4r m\u00e5nga som drar v\u00e5ra str\u00e5n till stacken. Med lite j\u00e4vlar anamma och gott samarbete (precis som n\u00e4r vi var unga krigare), s\u00e5 finns det inget som kan hindra oss fr\u00e5n att n\u00e5 en hemsida fylld av ber\u00e4ttelser, foton och andra minnen fr\u00e5n FJS-tiden.<\/p>\n<p>P\u00e5 huvudmeny under \u201dGU 70\/71\u201d och fliken \u201d<a title=\"Ber\u00e4ttelser\" href=\"http:\/\/www.fjs1970.se\/?page_id=1797\" target=\"_self\">Ber\u00e4ttelser<\/a>\u201d har jag samlat de ber\u00e4ttelser fr\u00e5n \u00e5ren runt 1970\/71 som hittills kommit in.<\/p>\n<p><span style=\"color: #e5c49e;\">.<\/span><\/p>\n<p>Aktuella h\u00e4ndelser, tankar, m\u00f6ten eller annat som r\u00f6r oss \u00e4r ocks\u00e5 v\u00e4lkommet och publiceras som ett o\u00e4ndligt bloggande eller tj\u00f4tande om Ni s\u00e5 vill. Bloggandet g\u00f6r sidan aktuell och levande, tror jag.<\/p>\n<p>L\u00e5t nu Era mail fl\u00f6da in till mig med minnen, tankar, ideer och ber\u00e4ttelser s\u00e5 lovar jag att sk\u00f6ta publiceringen efter b\u00e4sta f\u00f6rm\u00e5ga.<\/p>\n<p><span style=\"color: #e7c79c;\">.<\/span><\/p>\n<p><span style=\"color: #e7c79c;\">.<\/span><\/p>\n<p>201 Svante<\/p>\n<p>l.svante.larsson@telia.com<\/p>\n<p style=\"text-align: left;\"><span style=\"color: #e0c1a3;\">.<\/span><\/p>\n<p style=\"text-align: center;\"><img loading=\"lazy\" decoding=\"async\" class=\"size-full wp-image-5241 aligncenter\" title=\"FJS-m\u00e4rke 1970\" alt=\"\" src=\"http:\/\/www.fjs1970.se\/wp-content\/uploads\/2010\/06\/FJS-m\u00e4rke1.jpg\" width=\"86\" height=\"104\" srcset=\"https:\/\/www.fjs1970.se\/wp-content\/uploads\/2010\/06\/FJS-m\u00e4rke1.jpg 397w, https:\/\/www.fjs1970.se\/wp-content\/uploads\/2010\/06\/FJS-m\u00e4rke1-248x300.jpg 248w\" sizes=\"auto, (max-width: 86px) 100vw, 86px\" \/><\/p>\n<h1 style=\"text-align: center;\">\u25ca<\/h1>\n","protected":false},"excerpt":{"rendered":"<p>Hej. Jag skulle vilja ta upp en id\u00e9. Undrar om vi skulle grunna p\u00e5 om vi hade bra eller d\u00e5lig utbildning. Alla s\u00e4ger naturligtvis enh\u00e4lligt &#8211; det var en bra utbildning. Vi klarade den. Jag l\u00e4ste f\u00f6r ett tag\u00a0sedan i en bok hur man p\u00e5 Kustj\u00e4garskolan f\u00f6rst br\u00f6t ner de v\u00e4rnpliktiga till botten och d\u00e4refter [&hellip;]<\/p>\n","protected":false},"author":1,"featured_media":0,"comment_status":"closed","ping_status":"closed","sticky":false,"template":"","format":"standard","meta":{"footnotes":""},"categories":[9],"tags":[6,7,5],"class_list":["post-6847","post","type-post","status-publish","format-standard","hentry","category-fjs-och-fallskarmsjagarna","tag-fallskarmsjagare","tag-fallskarmsjagarna","tag-fjs"],"_links":{"self":[{"href":"https:\/\/www.fjs1970.se\/index.php?rest_route=\/wp\/v2\/posts\/6847","targetHints":{"allow":["GET"]}}],"collection":[{"href":"https:\/\/www.fjs1970.se\/index.php?rest_route=\/wp\/v2\/posts"}],"about":[{"href":"https:\/\/www.fjs1970.se\/index.php?rest_route=\/wp\/v2\/types\/post"}],"author":[{"embeddable":true,"href":"https:\/\/www.fjs1970.se\/index.php?rest_route=\/wp\/v2\/users\/1"}],"replies":[{"embeddable":true,"href":"https:\/\/www.fjs1970.se\/index.php?rest_route=%2Fwp%2Fv2%2Fcomments&post=6847"}],"version-history":[{"count":77,"href":"https:\/\/www.fjs1970.se\/index.php?rest_route=\/wp\/v2\/posts\/6847\/revisions"}],"predecessor-version":[{"id":12340,"href":"https:\/\/www.fjs1970.se\/index.php?rest_route=\/wp\/v2\/posts\/6847\/revisions\/12340"}],"wp:attachment":[{"href":"https:\/\/www.fjs1970.se\/index.php?rest_route=%2Fwp%2Fv2%2Fmedia&parent=6847"}],"wp:term":[{"taxonomy":"category","embeddable":true,"href":"https:\/\/www.fjs1970.se\/index.php?rest_route=%2Fwp%2Fv2%2Fcategories&post=6847"},{"taxonomy":"post_tag","embeddable":true,"href":"https:\/\/www.fjs1970.se\/index.php?rest_route=%2Fwp%2Fv2%2Ftags&post=6847"}],"curies":[{"name":"wp","href":"https:\/\/api.w.org\/{rel}","templated":true}]}}