{"id":5554,"date":"2010-10-06T05:56:52","date_gmt":"2010-10-06T03:56:52","guid":{"rendered":"http:\/\/www.fjs1970.se\/?p=5554"},"modified":"2014-02-22T17:52:38","modified_gmt":"2014-02-22T16:52:38","slug":"arrade-flygare-av-dc-3an-och-hercules-besoker-karlsborg","status":"publish","type":"post","link":"https:\/\/www.fjs1970.se\/?p=5554","title":{"rendered":"Fallsk\u00e4rmsj\u00e4gare -\u00c4rrade flygare av DC 3:an och Hercules bes\u00f6ker Karlsborg-"},"content":{"rendered":"<h1 style=\"text-align: center;\">Bes\u00f6k fr\u00e5n F7, S\u00e5ten\u00e4s<\/h1>\n<p>Ett tjugotal pensionerade flygare fr\u00e5n <a title=\"F7 S\u00e5ten\u00e4s\" href=\"http:\/\/www.forsvarsmakten.se\/f7\/\" target=\"_blank\">F7 S\u00e5ten\u00e4s<\/a>, gjorde sitt \u00e5rliga bes\u00f6k i Karlsborg i slutet av september inbjudna av FJS-seniorer med fanjunkare Persson i spetsen. Den fullsp\u00e4ckade dagen startade klockan 0900 p\u00e5 <a title=\"Nymans Caf\u00e9\" href=\"http:\/\/nymanscafe.dinstudio.se\/\" target=\"_blank\">Nymans Caf\u00e9<\/a> med en stunds mingel \u00f6ver en kopp kaffe. En varm och gemytlig st\u00e4mning infann sig och tj\u00f6tet var genast i full g\u00e5ng. H\u00e4r fanns m\u00e5nga goa historier som t\u00e5ldes att friskas upp p\u00e5 nytt. Bredvid mig satt \u00c5ke, som b\u00f6rjade i flygvapnet 1946 och idag n\u00e4rmar sig de nittio, och filosoferade \u00f6ver varf\u00f6r f\u00f6rsvarets mest disciplinerade \u00e5 ena sidan och de mest bohemiska \u00e5 andra sidan alltid kommit s\u00e5 bra \u00f6verens\u2026<\/p>\n<p>N\u00e4sta anhalt var G\u00f6tiska salen d\u00e4r Jens Ramh\u00f6j, informationschef p\u00e5 K3, hade en gedigen och trevlig genomg\u00e5ng av Karlsborgs milit\u00e4ra status f\u00f6rr, nu och i framtiden.<\/p>\n<p>Vi fortsatte till gamla l\u00e4gret d\u00e4r kapten K\u00e4ck ber\u00e4ttade historien om <a title=\"DC 3:an\" href=\"http:\/\/sv.wikipedia.org\/wiki\/Tp_79\" target=\"_blank\">v\u00e5r egen DC 3:a<\/a>. Noggrann visning b\u00e5de utv\u00e4ndigt och inv\u00e4ndigt och d\u00e4r Sam livfullt p\u00e5minde oss om hur en f\u00e4llning av fallsk\u00e4rmsj\u00e4gare gick till.<\/p>\n<p>Lunch p\u00e5 Wettern f\u00f6ljt av ett uppskattat f\u00f6redrag d\u00e4r <a title=\"L\u00f6parlarsson\" href=\"http:\/\/www.loparlarsson.se\/\" target=\"_blank\">Rune Larsson<\/a>, \u00e5rskurs -76, ber\u00e4ttade om sina otroliga bedrifter. Rune Larsson b\u00e4r sedan FJS-tiden smeknamnet L\u00f6parlarsson.<\/p>\n<p>Dagen avslutades med besk\u00e5dande av materielf\u00e4llning\u00a0i vackert h\u00f6stv\u00e4der \u00f6ver Flugebyn . Tv\u00e5 <a title=\"Hercules\" href=\"http:\/\/sv.wikipedia.org\/wiki\/Lockheed_C-130_Hercules\" target=\"_blank\">Herculesplan<\/a> f\u00e4llde i omg\u00e5ngar ett st\u00f6rre antal b\u00e5de stora och sm\u00e5 prylar, bland annat ett 6-pack \u00e4gg som visade sig vara intakt efter f\u00e4llning.\u00a0Det k\u00e4ndes i kropp och sj\u00e4l n\u00e4r de b\u00e5da Herculesplanen dundrade in \u00f6ver Flugebyn och fyllde himlen med sk\u00e4rmar. G\u00f6tt mos gubbar!<\/p>\n<p><span style=\"color: #e7cc9c;\">.<\/span><\/p>\n<p>Sk\u00f6t om Er och lev v\u00e4l!<\/p>\n<p>Med b\u00e4sta h\u00e4lsningar fr\u00e5n S\u00f6dra skogen i Karlsborg<\/p>\n<p>201 Svante<\/p>\n<p><span style=\"color: #ecd7ac;\">.<\/span><\/p>\n<p><span style=\"color: #ecd7ac;\"><span style=\"color: #000000;\">PS. Nedan f\u00f6ljer n\u00e5gra bilder fr\u00e5n dagen. DS<\/span><\/span><\/p>\n<p><span style=\"color: #ead2ad;\">.<\/span><\/p>\n<div id=\"attachment_5546\" style=\"width: 673px\" class=\"wp-caption alignnone\"><img loading=\"lazy\" decoding=\"async\" aria-describedby=\"caption-attachment-5546\" class=\"size-large wp-image-5546   \" title=\"Nymans Caf\u00e9\" alt=\"\" src=\"http:\/\/www.fjs1970.se\/wp-content\/uploads\/2010\/09\/DSC00299-1024x592.jpg\" width=\"663\" height=\"384\" srcset=\"https:\/\/www.fjs1970.se\/wp-content\/uploads\/2010\/09\/DSC00299-1024x592.jpg 1024w, https:\/\/www.fjs1970.se\/wp-content\/uploads\/2010\/09\/DSC00299-300x173.jpg 300w, https:\/\/www.fjs1970.se\/wp-content\/uploads\/2010\/09\/DSC00299.jpg 1280w\" sizes=\"auto, (max-width: 663px) 100vw, 663px\" \/><p id=\"caption-attachment-5546\" class=\"wp-caption-text\">Mingel p\u00e5 Nymans Caf\u00e9<\/p><\/div>\n<div id=\"attachment_5547\" style=\"width: 727px\" class=\"wp-caption alignnone\"><img loading=\"lazy\" decoding=\"async\" aria-describedby=\"caption-attachment-5547\" class=\"size-large wp-image-5547 \" title=\"G\u00f6tiska salen\" alt=\"\" src=\"http:\/\/www.fjs1970.se\/wp-content\/uploads\/2010\/09\/DSC00302-1024x443.jpg\" width=\"717\" height=\"310\" srcset=\"https:\/\/www.fjs1970.se\/wp-content\/uploads\/2010\/09\/DSC00302-1024x443.jpg 1024w, https:\/\/www.fjs1970.se\/wp-content\/uploads\/2010\/09\/DSC00302-300x129.jpg 300w, https:\/\/www.fjs1970.se\/wp-content\/uploads\/2010\/09\/DSC00302.jpg 1280w\" sizes=\"auto, (max-width: 717px) 100vw, 717px\" \/><p id=\"caption-attachment-5547\" class=\"wp-caption-text\">Information i G\u00f6tiska salen<\/p><\/div>\n<div id=\"attachment_5549\" style=\"width: 727px\" class=\"wp-caption alignnone\"><img loading=\"lazy\" decoding=\"async\" aria-describedby=\"caption-attachment-5549\" class=\"size-large wp-image-5549 \" title=\"DC 3:an inv\u00e4ndigt\" alt=\"\" src=\"http:\/\/www.fjs1970.se\/wp-content\/uploads\/2010\/09\/DSC00309-1024x492.jpg\" width=\"717\" height=\"344\" srcset=\"https:\/\/www.fjs1970.se\/wp-content\/uploads\/2010\/09\/DSC00309-1024x492.jpg 1024w, https:\/\/www.fjs1970.se\/wp-content\/uploads\/2010\/09\/DSC00309-300x144.jpg 300w, https:\/\/www.fjs1970.se\/wp-content\/uploads\/2010\/09\/DSC00309.jpg 1280w\" sizes=\"auto, (max-width: 717px) 100vw, 717px\" \/><p id=\"caption-attachment-5549\" class=\"wp-caption-text\">DC 3:an inv\u00e4ndigt<\/p><\/div>\n<div id=\"attachment_5550\" style=\"width: 727px\" class=\"wp-caption alignnone\"><img loading=\"lazy\" decoding=\"async\" aria-describedby=\"caption-attachment-5550\" class=\"size-large wp-image-5550 \" title=\"F\u00f6revisning av f\u00e4llning\" alt=\"\" src=\"http:\/\/www.fjs1970.se\/wp-content\/uploads\/2010\/09\/DSC00310-1024x509.jpg\" width=\"717\" height=\"356\" srcset=\"https:\/\/www.fjs1970.se\/wp-content\/uploads\/2010\/09\/DSC00310-1024x509.jpg 1024w, https:\/\/www.fjs1970.se\/wp-content\/uploads\/2010\/09\/DSC00310-300x149.jpg 300w, https:\/\/www.fjs1970.se\/wp-content\/uploads\/2010\/09\/DSC00310.jpg 1280w\" sizes=\"auto, (max-width: 717px) 100vw, 717px\" \/><p id=\"caption-attachment-5550\" class=\"wp-caption-text\">Sam f\u00f6revisar hur f\u00e4llningen gick till<\/p><\/div>\n<div id=\"attachment_5553\" style=\"width: 727px\" class=\"wp-caption alignnone\"><img loading=\"lazy\" decoding=\"async\" aria-describedby=\"caption-attachment-5553\" class=\"size-large wp-image-5553 \" title=\"Fanjunkare Persson\" alt=\"\" src=\"http:\/\/www.fjs1970.se\/wp-content\/uploads\/2010\/09\/DSC00316-1024x741.jpg\" width=\"717\" height=\"519\" srcset=\"https:\/\/www.fjs1970.se\/wp-content\/uploads\/2010\/09\/DSC00316-1024x741.jpg 1024w, https:\/\/www.fjs1970.se\/wp-content\/uploads\/2010\/09\/DSC00316-300x217.jpg 300w, https:\/\/www.fjs1970.se\/wp-content\/uploads\/2010\/09\/DSC00316.jpg 1280w\" sizes=\"auto, (max-width: 717px) 100vw, 717px\" \/><p id=\"caption-attachment-5553\" class=\"wp-caption-text\">Dagens v\u00e4rd fanjunkare Persson dirigerar p\u00e5 Flugebyn<\/p><\/div>\n<p style=\"text-align: center;\">\u2666<\/p>\n<p style=\"text-align: center;\"><img loading=\"lazy\" decoding=\"async\" class=\"size-full wp-image-5241 aligncenter\" title=\"FJS-m\u00e4rke1\" alt=\"\" src=\"http:\/\/www.fjs1970.se\/wp-content\/uploads\/2010\/06\/FJS-m\u00e4rke1.jpg\" width=\"86\" height=\"104\" srcset=\"https:\/\/www.fjs1970.se\/wp-content\/uploads\/2010\/06\/FJS-m\u00e4rke1.jpg 397w, https:\/\/www.fjs1970.se\/wp-content\/uploads\/2010\/06\/FJS-m\u00e4rke1-248x300.jpg 248w\" sizes=\"auto, (max-width: 86px) 100vw, 86px\" \/><\/p>\n<h1 style=\"text-align: center;\">\u25ca<\/h1>\n","protected":false},"excerpt":{"rendered":"<p>Bes\u00f6k fr\u00e5n F7, S\u00e5ten\u00e4s Ett tjugotal pensionerade flygare fr\u00e5n F7 S\u00e5ten\u00e4s, gjorde sitt \u00e5rliga bes\u00f6k i Karlsborg i slutet av september inbjudna av FJS-seniorer med fanjunkare Persson i spetsen. Den fullsp\u00e4ckade dagen startade klockan 0900 p\u00e5 Nymans Caf\u00e9 med en stunds mingel \u00f6ver en kopp kaffe. En varm och gemytlig st\u00e4mning infann sig och tj\u00f6tet [&hellip;]<\/p>\n","protected":false},"author":1,"featured_media":0,"comment_status":"closed","ping_status":"closed","sticky":false,"template":"","format":"standard","meta":{"footnotes":""},"categories":[9],"tags":[116,12,31,6,7,24,5,99,13,89,8,105,103,56,11],"class_list":["post-5554","post","type-post","status-publish","format-standard","hentry","category-fjs-och-fallskarmsjagarna","tag-323-fallskarmsjagarkompaniet","tag-dc-3","tag-f7","tag-fallskarmsjagare","tag-fallskarmsjagarna","tag-fanjunkare-persson","tag-fjs","tag-flugebyn","tag-hercules","tag-kack","tag-karlsborg","tag-loparlarsson","tag-ramhoj","tag-sam","tag-satenas"],"_links":{"self":[{"href":"https:\/\/www.fjs1970.se\/index.php?rest_route=\/wp\/v2\/posts\/5554","targetHints":{"allow":["GET"]}}],"collection":[{"href":"https:\/\/www.fjs1970.se\/index.php?rest_route=\/wp\/v2\/posts"}],"about":[{"href":"https:\/\/www.fjs1970.se\/index.php?rest_route=\/wp\/v2\/types\/post"}],"author":[{"embeddable":true,"href":"https:\/\/www.fjs1970.se\/index.php?rest_route=\/wp\/v2\/users\/1"}],"replies":[{"embeddable":true,"href":"https:\/\/www.fjs1970.se\/index.php?rest_route=%2Fwp%2Fv2%2Fcomments&post=5554"}],"version-history":[{"count":95,"href":"https:\/\/www.fjs1970.se\/index.php?rest_route=\/wp\/v2\/posts\/5554\/revisions"}],"predecessor-version":[{"id":12316,"href":"https:\/\/www.fjs1970.se\/index.php?rest_route=\/wp\/v2\/posts\/5554\/revisions\/12316"}],"wp:attachment":[{"href":"https:\/\/www.fjs1970.se\/index.php?rest_route=%2Fwp%2Fv2%2Fmedia&parent=5554"}],"wp:term":[{"taxonomy":"category","embeddable":true,"href":"https:\/\/www.fjs1970.se\/index.php?rest_route=%2Fwp%2Fv2%2Fcategories&post=5554"},{"taxonomy":"post_tag","embeddable":true,"href":"https:\/\/www.fjs1970.se\/index.php?rest_route=%2Fwp%2Fv2%2Ftags&post=5554"}],"curies":[{"name":"wp","href":"https:\/\/api.w.org\/{rel}","templated":true}]}}