{"id":5336,"date":"2010-09-15T05:28:24","date_gmt":"2010-09-15T03:28:24","guid":{"rendered":"http:\/\/www.fjs1970.se\/?p=5336"},"modified":"2014-02-22T17:51:18","modified_gmt":"2014-02-22T16:51:18","slug":"ornmarschen-1970-och-aktuellt-fran-karlsborg","status":"publish","type":"post","link":"https:\/\/www.fjs1970.se\/?p=5336","title":{"rendered":"Fallsk\u00e4rmsj\u00e4gare -\u00d6rnmarschen 1970 och aktuellt fr\u00e5n FJS-seniorer i Karlsborg-"},"content":{"rendered":"<h1 style=\"text-align: center;\">Nostalgi<\/h1>\n<p style=\"text-align: center;\"><img loading=\"lazy\" decoding=\"async\" class=\"aligncenter\" title=\"Tidningen \u00d6rnen nr. 55 andrasida\" alt=\"\" src=\"http:\/\/www.fjs1970.se\/wp-content\/uploads\/2009\/12\/ornen_sida2_55-2.jpg\" width=\"443\" height=\"708\" \/><\/p>\n<blockquote>\n<p style=\"text-align: center;\"><strong>\u00d6RNMARSCHEN 1970<\/strong><\/p>\n<p><strong>I \u00e5r, som alla andra \u00e5r, avslutades hopputbildningen med \u00f6rnhopp och efterf\u00f6ljande marsch. Denna \u00f6vning, som \u00e4r en utbildningskontroll, kallas \u201d\u00d6rnmarsch\u201d, och den ber\u00e4ttigar till den s.k. \u201dGyllene \u00d6rnen\u201d, en utm\u00e4rkelse som kan j\u00e4mf\u00f6ras med Nobelpriset och andra utm\u00e4rkelser med trycket p\u00e5 vilja, mod och uth\u00e5llighet. \u00d6rnen utdelas sedan under festliga ceremonier, vid en tillst\u00e4llning som kallas \u201d\u00d6rnfesten\u201d.<\/strong><\/p>\n<p><strong>De meterologiska f\u00f6ruts\u00e4ttningarna f\u00f6r \u00e5rets \u00f6rnmarsch var gynnsamma, f\u00f6rutom att det ibland bl\u00e5ste v\u00e4l mycket f\u00f6r att kunna genomf\u00f6ra den f\u00f6rsta fasen, n\u00e4mligen hoppet. Vi fick d\u00e4rf\u00f6r v\u00e4nta en l\u00e5ng stund p\u00e5 att vinden skulle mojna.<\/strong><\/p>\n<p><strong>D\u00e4r stod vi omkr. 130 man med sammanbitna k\u00e4kar och med en blick som talade f\u00f6r att \u201dh\u00e4r skulle j\u00e4vlar anamma ingen kuka-ur\u201d (j\u00e4garsnack: l\u00e4gga av). S\u00e5 pl\u00f6tsligt mojnade vinden f\u00f6r ett \u00f6gonblick och f\u00f6rsta liften kunde ge sig av.<\/strong><\/p>\n<p><strong>Vi f\u00e4lldes p\u00e5 Storemosse NV Karlsborg. Alla vet v\u00e4l hur en mosse \u00e4r beskaffad och Storemossen uppfyllde verkligen alla krav man kan st\u00e4lla p\u00e5 en s\u00e5dan. Landningarna blev f\u00f6r de flesta ett stort \u201dplask!!\u201d varefter det f\u00f6ljde ett antal \u201dklafs\u201d, \u201dklafs\u201d, som framkallades n\u00e4r man f\u00f6rs\u00f6kte ta sig ur gyttjan. Landningen \u00e4r ett mycket kritiskt skede i en luftlands\u00e4ttning, det kr\u00e4vs att soldaterna snabbt kommer in i skyddad terr\u00e4ng. Ni f\u00f6rst\u00e5r d\u00e4rf\u00f6r s\u00e4kert att det inte fanns n\u00e5gon tid f\u00f6r reflexioner vid landningen, utan snabbt in i skogen. I detta fall l\u00e5g n\u00e4rmaste skogsbryn ca.1 km fr\u00e5n landningsplatsen. Att snabbt f\u00f6rflytta sig 1 km \u00f6ver en mosse, med ca.60kg p\u00e5 ryggen, \u00e4r n\u00e5got otroligt jobbigt, s\u00e5 det var ingen som fr\u00f6s vid framkomsten. I skogsbrynet stod en post som visade v\u00e4gen till \u00e5tersamlingsplatsen. N\u00e4r vi kom fram till den var det f\u00f6rsta skedet genomf\u00f6rt och vi fick l\u00e4mna fallsk\u00e4rmarna p\u00e5 en lastbil och sedan utspisa.<\/strong><\/p>\n<p><strong>N\u00e4r vi utspisat och bytt p\u00e5 f\u00f6tterna, startade vi den l\u00e5nga marschen mot Karlsborg. Redan n\u00e5gra kilometer efter starten k\u00e4ndes ryggs\u00e4cken som bly, axlarna b\u00f6rjade domna bort och snabbt sj\u00f6nk hum\u00f6ret. Till saken h\u00f6r att v\u00e5ra ryggs\u00e4ckar var extra tunga, p\u00e5 grund av att varje man bar p\u00e5 15 kg sand, som i ett verkligt l\u00e4ge skulle ha varit ammunition och mat f\u00f6r tre veckor.<\/strong><\/p>\n<p><strong>N\u00e4r vi g\u00e5tt ca. en mil var det dags f\u00f6r vatten\u00f6verg\u00e5ng, n\u00e5got som m\u00e5nga av oss fasat f\u00f6r. Det farligaste man kan r\u00e5ka ut f\u00f6r, vid dylika marscher, \u00e4r att bli v\u00e5t om f\u00f6tterna. V\u00e5ta strumpor resulterar i ot\u00e4cka skavs\u00e5r \u00e4ven om man bara g\u00e5r en kortare str\u00e4cka. F\u00f6r huvuddelen gick vatten\u00f6verg\u00e5ngen bra. T.o.m. Nygren, som kommer fr\u00e5n norrland och inte kan simma, sprattlade sig \u00f6ver till andra stranden. Han slapp d\u00e4rf\u00f6r efter denna bedrift h\u00f6ra kommentarer s\u00e5som \u201dNygren, du flyt int\u201d.<\/strong><\/p>\n<p><strong>Efter vatten\u00f6verg\u00e5ngen fortsatte den l\u00e5nga marschen i snabb takt. Vi gick och gick. Snart m\u00e4rktes hur vissa b\u00f6rjade tappa av mer och mer.<\/strong><\/p>\n<p><strong>204 Ohlsson gick i efterpatrullen och fick inte g\u00e5 f\u00f6rbi dem som sackat av. Han kom p\u00e5 s\u00e5 s\u00e4tt l\u00e5ngt efter plutonen. Helt pl\u00f6tsligt ins\u00e5g han sitt l\u00e4ge, han skickade \u201dO\u201d fram\u00e5t, men inget h\u00e4nde. Plutonen \u00f6kade bara sitt avst\u00e5nd till \u201dde tr\u00f6tta\u201d och Ohlsson. D\u00e5 fattade han ett beslut, han satte h\u00f6gsta fart efter plutonen och snart var han ifatt den. Vi som gick i plutonen blev s\u00e5 sm\u00e5tt chockade n\u00e4r vi fick se Ohlsson komma springande med ryggs\u00e4ck och allt. Som man kan f\u00f6rst\u00e5 var det ingen av oss \u00f6vriga som var pigg p\u00e5 att springa, d\u00e4rf\u00f6r gick snacket om att Ohlsson blivit galen.<\/strong><\/p>\n<p><strong>Nu ordnade sig allt, plutonen stannade och Ohlsson fick en plats l\u00e4ngre fram i ledet.<\/strong><\/p>\n<p><strong>Efter m\u00e5nga timmars traskande, och n\u00e5gra soldater mindre, kom plutonen fram till \u00e4nnu en vatten\u00f6verg\u00e5ng. Denna g\u00e5ng skulle vi anv\u00e4nda patrullb\u00e5tar f\u00f6r att ta oss \u00f6ver. Alla var uttr\u00f6ttade till bristningsgr\u00e4nsen, men \u00e4nnu var inte marschen slutf\u00f6rd, det \u00e5terstod ung. 1,5 mil innan vi skulle vara framme vid Karlsborg.<\/strong><\/p>\n<p><strong>Att se sina kompisar med h\u00e4ngande huvuden, tr\u00f6tta blickar men \u00e4nd\u00e5 med viljan att forts\u00e4tta till slutet, i alla fall f\u00f6rs\u00f6ka, var mycket r\u00f6rande. Vid ett s\u00e5dant tillf\u00e4lle m\u00e4rker man verkligen att detta \u00e4r fallsk\u00e4rmsj\u00e4gare, inte vilka som helst. Ungdomar med vilja av st\u00e5l och oerh\u00f6rt h\u00f6ga krav p\u00e5 sig sj\u00e4lva. Ingen gav sig, och vatten\u00f6verg\u00e5ngen gick prickfri.<\/strong><\/p>\n<p><strong>Vi h\u00f6ll p\u00e5 med att ta p\u00e5 ryggs\u00e4ckarna d\u00e5 v\u00e5r ledare, som s\u00e5g att det gick r\u00e4tt tr\u00f6gt, med h\u00f6g st\u00e4mma f\u00f6rkunnade \u201datt ca.200 m d\u00e4rifr\u00e5n stod en buss och en lastbil och v\u00e4ntade p\u00e5 oss\u201d.\u00a0 Det blev ett stort jubel men det tonade snart bort ty man menade att det bara var snack f\u00f6r att psyka oss. Men hoppet fanns d\u00e4r. Vi gav oss iv\u00e4g och pl\u00f6tsligt \u2013\u201dLyste det inte d\u00e4r framme!!??\u201d Jo!? Nej!! Jo, det gjorde det!!! 30 man pustade ut och en gr\u00e5tglad k\u00e4nsla spred sig i kroppen, fr\u00e5n stort\u00e5n till h\u00e5rr\u00f6tterna. Marschen var \u00f6ver!!! Vi hade klarat det! D\u00e4rf\u00f6r stolta, och med personlig tillfredsst\u00e4llelse, erh\u00f6ll vi en tid senare, \u00d6rnen, tecknet som vittnar om en fallsk\u00e4rmsj\u00e4gares vilja, mod och uth\u00e5llighet.<\/strong><\/p>\n<p><strong>Buster 70<\/strong><\/p>\n<p><strong>\/ur \u00d6rnen nr. 55, 1970\/<\/strong><\/p>\n<p><img loading=\"lazy\" decoding=\"async\" class=\"size-full wp-image-1722  alignnone\" title=\"Teckning ur \u00d6rnen av 218 Johansson\" alt=\"\" src=\"http:\/\/www.fjs1970.se\/wp-content\/uploads\/2009\/12\/Teckning-7-Nille.jpg\" width=\"448\" height=\"228\" srcset=\"https:\/\/www.fjs1970.se\/wp-content\/uploads\/2009\/12\/Teckning-7-Nille.jpg 640w, https:\/\/www.fjs1970.se\/wp-content\/uploads\/2009\/12\/Teckning-7-Nille-300x152.jpg 300w\" sizes=\"auto, (max-width: 448px) 100vw, 448px\" \/><\/p>\n<p>.<\/p><\/blockquote>\n<p><span style=\"color: #e4cca9;\">.<\/span><\/p>\n<p><span style=\"color: #e4cca9;\">.<\/span><\/p>\n<p style=\"text-align: center;\">\u2666<\/p>\n<p style=\"text-align: left;\"><span style=\"color: #e4cca9;\">.<\/span><\/p>\n<h1 style=\"text-align: center;\">Aktuellt fr\u00e5n Karlsborg<\/h1>\n<div id=\"attachment_5341\" style=\"width: 727px\" class=\"wp-caption alignnone\"><img loading=\"lazy\" decoding=\"async\" aria-describedby=\"caption-attachment-5341\" class=\"size-large wp-image-5341 \" title=\"September-lunch Wettern\" alt=\"\" src=\"http:\/\/www.fjs1970.se\/wp-content\/uploads\/2010\/09\/September-lunch-Wettern-1024x640.jpg\" width=\"717\" height=\"448\" srcset=\"https:\/\/www.fjs1970.se\/wp-content\/uploads\/2010\/09\/September-lunch-Wettern-1024x640.jpg 1024w, https:\/\/www.fjs1970.se\/wp-content\/uploads\/2010\/09\/September-lunch-Wettern-300x187.jpg 300w, https:\/\/www.fjs1970.se\/wp-content\/uploads\/2010\/09\/September-lunch-Wettern.jpg 1280w\" sizes=\"auto, (max-width: 717px) 100vw, 717px\" \/><p id=\"caption-attachment-5341\" class=\"wp-caption-text\">Lunch p\u00e5 Wettern i b\u00f6rjan av september.<\/p><\/div>\n<p><span style=\"color: #e7d1b0;\">.<\/span><\/p>\n<p>Hej fallsk\u00e4rmsj\u00e4gare,<\/p>\n<p>Varje m\u00e5nad arrangerar fanjunkare Persson en gemytlig lunch f\u00f6r gamla FJS:are i Karlsborg. \u00a0Lunchen intas vanligtvis p\u00e5 Hotell Wettern och sj\u00e4lv har jag f\u00e5tt \u00e4ran att ing\u00e5 i f\u00f6rsamlingen vilket \u00e4r hedrande. Det \u00e4r m\u00e5nga glada skratt och det \u00e4r inte l\u00e4tt att avg\u00f6ra vad som \u00e4r sant eller falskt i alla ber\u00e4ttelser. Sist bl.a den goa historien om n\u00e4r rustm\u00e4stare Krancher skulle k\u00f6pa in ett antal patrullb\u00e5tar till FJS&#8230;<\/p>\n<p>Vid senaste lunchen tr\u00e4ffade jag ocks\u00e5 Gunnel, v\u00e5r d\u00e5varande FJS-sekreterare 1970, som tj\u00e4nstgjorde hos skolchefen och kompanicheferna i den &#8221;heliga&#8221; bef\u00e4lsbaracken. Gunnel ser Ni p\u00e5 bilden h\u00e4r ovan sittande vid sidan om fanjunkare Persson.<\/p>\n<p>Britt och Sam tipsade om en trevlig f\u00f6rel\u00e4sning av en gammal fallsk\u00e4rmsj\u00e4gare \u00e5rg\u00e5ng -76. F\u00f6rel\u00e4sningen finns p\u00e5 Utbildningsradion och Du n\u00e5r webb-sidan om Du klickar p\u00e5 l\u00e4nken nedan,<\/p>\n<p><a title=\"L\u00f6parlarsson\" href=\"http:\/\/www.ur.se\/play\/157952\" target=\"_blank\">Man m\u00e5ste inte ladda med spagetti, f\u00f6redrag av Rune Larsson<\/a><\/p>\n<p><span style=\"color: #e2c4ab;\">.<\/span><\/p>\n<p>Ett tips till Er som passerar Karlsborg: Ring fanjunkare Persson och be att f\u00e5 bes\u00f6ka hans egenh\u00e4ndigt skapade FJS-museum. D\u00e4r finns ett och annat minne vill jag lova.<\/p>\n<p>Vill Ni bara ha en kopp kaffe s\u00e5 ringer Ni mig!<\/p>\n<p style=\"text-align: center;\">\u2666<\/p>\n<p style=\"text-align: left;\"><span style=\"color: #d6b68e;\">.<\/span><\/p>\n<p><span style=\"color: #d5ba99;\"><span style=\"color: #000000;\"><span style=\"text-decoration: underline;\">Krya p\u00e5 Dig Clifford!<\/span><\/span><\/span><\/p>\n<p>235Cliffords mail-adress slutade fungera men jag lyckades \u00e5ter hitta honom d\u00e4r nere i Brasilien. Ny mail-adress \u00e4r<\/p>\n<p><a href=\"mailto:cs.manstrom@hotmail.com\">cs.manstrom(at)hotmail.com<\/a><\/p>\n<p>och nytt telefonnummer f\u00e5r Ni snart med en uppdaterad kontaktlista.<\/p>\n<p>Clifford ber\u00e4ttade att han haft en hj\u00e4rtinfarkt och nu \u00e5ter var hemkommen efter en tids sjukhusvistelse.\u00a0 Medicinering och rehabilitering stod p\u00e5 dagordningen.<\/p>\n<p>Clifford, vi skickar v\u00e5ra b\u00e4sta &#8221;Krya p\u00e5 Dig h\u00e4lsningar&#8221; och \u00f6nskar att Du snart \u00e4r \u201dfit for fight\u201d igen.<\/p>\n<p style=\"text-align: center;\"><span style=\"color: #000000;\">\u2666<\/span><\/p>\n<p style=\"text-align: left;\"><span style=\"color: #d6b68e;\">.<\/span><\/p>\n<p><span style=\"color: #e7d1b0;\"><span style=\"color: #000000;\"><span style=\"text-decoration: underline;\">Etik<\/span><\/span><\/span><\/p>\n<div>Efter ett f\u00f6rv\u00e5nande reportage nyligen i SVT betr\u00e4ffande Karlsborgs obefintliga flyktingmottagning s\u00e5 har jag haft en flitig och uppfriskande korrespondens med alla politiska ledam\u00f6ter av kommunfullm\u00e4ktige.<\/div>\n<p>Vi karlsborgare b\u00f6r naturligtvis kunna dela v\u00e5r goa, stolta och v\u00e4lkomnande hygglighet och v\u00e5r vackra trakt med m\u00e4nniskor som befinner sig i n\u00f6d ute i v\u00e4rlden. Med uth\u00e5lligt tj\u00f6t hoppas jag dra mitt str\u00e5 till stacken och f\u00f6lja f\u00f6reg\u00e5ngsmannen Niels som lyckats konvertera Str\u00f6mstad till en mottagande kommun. Ni minns v\u00e4l texten till \u00f6rnparaden? Allt nog om etik.<\/p>\n<p><span style=\"color: #e1c0a2;\">.<\/span><\/p>\n<p><span style=\"color: #000000;\">Text vid \u00d6rnparad (f\u00e5tt av kapten K\u00e4ck f\u00f6r sj\u00e4lv hade jag gl\u00f6mt den):<\/span><\/p>\n<p><span style=\"color: #000000;\"><img loading=\"lazy\" decoding=\"async\" class=\"alignnone size-full wp-image-802\" title=\"m\u00e4rket \u00f6rnen\" alt=\"\" src=\"http:\/\/www.fjs1970.se\/wp-content\/uploads\/2009\/12\/fjs_m601.jpg\" width=\"109\" height=\"63\" \/><\/span><\/p>\n<p><span style=\"color: #0000ff;\">N\u00e4r jag nu utn\u00e4mner er till fallsk\u00e4rmsj\u00e4gare genom att f\u00e4sta den gyllene \u00d6rnen p\u00e5 den plats p\u00e5 vapenrocken varunder hj\u00e4rtat klappar erinrar jag er om de skyldigheter som d\u00e4rvid \u00e5vilar er.<\/span><\/p>\n<p><span style=\"color: #0000ff;\">En fallsk\u00e4rmsj\u00e4gare \u00e4r i alla avseenden en f\u00f6reg\u00e5ngsman, inte bara under krigsf\u00f6rh\u00e5llanden utan \u00e4ven\u00a0i fred. Hans g\u00e4rningar skall alltid pr\u00e4glas av skolans valspr\u00e5k som \u00e4r Vilja, Mod och Uth\u00e5llighet vilket\u00a0inneb\u00e4r <\/span><\/p>\n<p><span style=\"color: #0000ff;\">viljan att g\u00f6ra n\u00e5got, <\/span><\/p>\n<p><span style=\"color: #0000ff;\">modet att v\u00e5ga g\u00f6ra det och <\/span><\/p>\n<p><span style=\"color: #0000ff;\">uth\u00e5lligheten att orka g\u00f6ra det \u00e4ven under\u00a0de sv\u00e5raste f\u00f6rh\u00e5llanden.<\/span><\/p>\n<p style=\"text-align: center;\">\u2666<\/p>\n<p style=\"text-align: left;\"><span style=\"color: #d6b68e;\">.<\/span><\/p>\n<p><span style=\"text-decoration: underline;\"><span style=\"color: #000000;\">Tj\u00f6ta<\/span><\/span><\/p>\n<p>Hasse och Linkan, b\u00f6rja g\u00e4rna f\u00f6rbereda er f\u00f6r 2015 s\u00e5 v\u00e5r lucka blir helt komplett. Nille forts\u00e4tt odla kontakten med mat-Katarina. Sven-Erik och kapten \u00d6sterblom slipa g\u00e4rna n\u00e5got f\u00f6r att ytterligare synka s\u00e5ngen. Som alltid ska de bl\u00e5 j\u00e4vlarna ligga i framkant och vara st\u00f6rst, b\u00e4st och vackrast. Uffe, Tommy, Per, Sven-Olov, Thorbj\u00f6rn, Bj\u00f6rn och alla Ni andra som vi inte f\u00e5tt tr\u00e4ffa, tj\u00f6tet kommer att forts\u00e4tta tills uppslutningen \u00e4r 100-procentig.<\/p>\n<p>Cenneth, skicka mig g\u00e4rna mail-adressen till doktor Holmstr\u00f6m s\u00e5 l\u00e4gger jag till honom i kontaktlistan.<\/p>\n<p>Sj\u00e4lv ska jag i m\u00e5n av tid snarast g\u00f6ra mitt b\u00e4sta f\u00f6r att, som H\u00e5kan och Peter \u00f6nskade, \u00e5terst\u00e4lla hinderbanan i ursprungligt skick s\u00e5 vi kan ta en runda och kanske arrangera en t\u00e4vling vid n\u00e4sta jubileum.\u00a0Hinderbanan f\u00f6r tuffingar och golf f\u00f6r oss \u00f6vriga.<\/p>\n<p style=\"text-align: center;\">\u2666<\/p>\n<p style=\"text-align: left;\"><span style=\"color: #d6b68e;\">.<\/span><\/p>\n<p><span style=\"color: #d5ba99;\"><span style=\"color: #000000;\"><span style=\"text-decoration: underline;\">Epilog<\/span><\/span><\/span><\/p>\n<p>Att en septemberdag f\u00e5 glida fram p\u00e5 hojen i ett soligt sensommarlandskap \u00e4r fantastiskt. Vinden i ansiktet, lukten fr\u00e5n \u00e5krar och \u00e4ngar i n\u00e4san och \u00f6gonen fyllda med de klaraste f\u00e4rger. Mil efter mil, liksom i trans, och inte f\u00f6rr\u00e4n v\u00e4rken i r\u00f6ven blir s\u00e5 j\u00e4vlig s\u00e5 att benen b\u00f6rjar domna bort stannar man till. En \u00e4ggmacka och en go kopp kaffe ur termosen l\u00f6ser krampen och sen \u00e4r det p\u00e5\u00b4t igen.<\/p>\n<p>Kantarellplockning i all sin \u00e4ra men f\u00e5 saker g\u00e5r upp mot en tur p\u00e5 moppen. Livskvalit\u00e9, sa Du Kentha, och jag tror att Bengt och s\u00e4kert flera h\u00e5ller med&#8230;<\/p>\n<p><span style=\"color: #e7d1b0;\">.<\/span><\/p>\n<p style=\"text-align: center;\"><span style=\"color: #e7d1b0;\"><span style=\"color: #000000;\">&#8221;Minds are like parachutes, they only function when open&#8221;<\/span><\/span><\/p>\n<p><span style=\"color: #debfa5;\">.<\/span><\/p>\n<p><span style=\"color: #debfa5;\">.<\/span><\/p>\n<p>Ha det g\u00f6tt och lev v\u00e4l!<\/p>\n<p>Med b\u00e4sta h\u00e4lsningar fr\u00e5n S\u00f6dra skogen i Karlsborg<\/p>\n<p><span style=\"color: #e4cea9;\">.<\/span><\/p>\n<p>201 Svante<\/p>\n<p>Tel. 0706-913891<\/p>\n<p>l.svante.larsson(at)telia.com<\/p>\n<p style=\"text-align: left;\"><span style=\"color: #dbc09e;\">.<\/span><\/p>\n<p style=\"text-align: left;\"><span style=\"color: #e5cba8;\">.<\/span><\/p>\n<p style=\"text-align: center;\">\u2666<\/p>\n<p style=\"text-align: left;\"><span style=\"color: #e5cba8;\">.<\/span><\/p>\n<p style=\"text-align: center;\"><img loading=\"lazy\" decoding=\"async\" class=\"size-full wp-image-5241 aligncenter\" title=\"FJS-m\u00e4rke1\" alt=\"\" src=\"http:\/\/www.fjs1970.se\/wp-content\/uploads\/2010\/06\/FJS-m\u00e4rke1.jpg\" width=\"134\" height=\"162\" srcset=\"https:\/\/www.fjs1970.se\/wp-content\/uploads\/2010\/06\/FJS-m\u00e4rke1.jpg 397w, https:\/\/www.fjs1970.se\/wp-content\/uploads\/2010\/06\/FJS-m\u00e4rke1-248x300.jpg 248w\" sizes=\"auto, (max-width: 134px) 100vw, 134px\" \/><\/p>\n<h1 style=\"text-align: center;\">\u25ca<\/h1>\n","protected":false},"excerpt":{"rendered":"<p>Nostalgi \u00d6RNMARSCHEN 1970 I \u00e5r, som alla andra \u00e5r, avslutades hopputbildningen med \u00f6rnhopp och efterf\u00f6ljande marsch. Denna \u00f6vning, som \u00e4r en utbildningskontroll, kallas \u201d\u00d6rnmarsch\u201d, och den ber\u00e4ttigar till den s.k. \u201dGyllene \u00d6rnen\u201d, en utm\u00e4rkelse som kan j\u00e4mf\u00f6ras med Nobelpriset och andra utm\u00e4rkelser med trycket p\u00e5 vilja, mod och uth\u00e5llighet. \u00d6rnen utdelas sedan under festliga ceremonier, [&hellip;]<\/p>\n","protected":false},"author":1,"featured_media":0,"comment_status":"closed","ping_status":"closed","sticky":false,"template":"","format":"standard","meta":{"footnotes":""},"categories":[9],"tags":[116,6,7,24,5,8,19],"class_list":["post-5336","post","type-post","status-publish","format-standard","hentry","category-fjs-och-fallskarmsjagarna","tag-323-fallskarmsjagarkompaniet","tag-fallskarmsjagare","tag-fallskarmsjagarna","tag-fanjunkare-persson","tag-fjs","tag-karlsborg","tag-ornmarschen"],"_links":{"self":[{"href":"https:\/\/www.fjs1970.se\/index.php?rest_route=\/wp\/v2\/posts\/5336","targetHints":{"allow":["GET"]}}],"collection":[{"href":"https:\/\/www.fjs1970.se\/index.php?rest_route=\/wp\/v2\/posts"}],"about":[{"href":"https:\/\/www.fjs1970.se\/index.php?rest_route=\/wp\/v2\/types\/post"}],"author":[{"embeddable":true,"href":"https:\/\/www.fjs1970.se\/index.php?rest_route=\/wp\/v2\/users\/1"}],"replies":[{"embeddable":true,"href":"https:\/\/www.fjs1970.se\/index.php?rest_route=%2Fwp%2Fv2%2Fcomments&post=5336"}],"version-history":[{"count":161,"href":"https:\/\/www.fjs1970.se\/index.php?rest_route=\/wp\/v2\/posts\/5336\/revisions"}],"predecessor-version":[{"id":12314,"href":"https:\/\/www.fjs1970.se\/index.php?rest_route=\/wp\/v2\/posts\/5336\/revisions\/12314"}],"wp:attachment":[{"href":"https:\/\/www.fjs1970.se\/index.php?rest_route=%2Fwp%2Fv2%2Fmedia&parent=5336"}],"wp:term":[{"taxonomy":"category","embeddable":true,"href":"https:\/\/www.fjs1970.se\/index.php?rest_route=%2Fwp%2Fv2%2Fcategories&post=5336"},{"taxonomy":"post_tag","embeddable":true,"href":"https:\/\/www.fjs1970.se\/index.php?rest_route=%2Fwp%2Fv2%2Ftags&post=5336"}],"curies":[{"name":"wp","href":"https:\/\/api.w.org\/{rel}","templated":true}]}}