{"id":3418,"date":"2010-03-31T06:02:28","date_gmt":"2010-03-31T04:02:28","guid":{"rendered":"http:\/\/www.fjs1970.se\/?p=3418"},"modified":"2014-02-22T13:14:48","modified_gmt":"2014-02-22T12:14:48","slug":"glad-pask-med-mail-och-ett-vinterminne","status":"publish","type":"post","link":"https:\/\/www.fjs1970.se\/?p=3418","title":{"rendered":"Fallsk\u00e4rmsj\u00e4gare -GLAD P\u00c5SK med Mail och Ett vinterminne-"},"content":{"rendered":"<h1 style=\"text-align: center;\">G L A D\u00a0\u00a0\u00a0 P \u00c5 S K<\/h1>\n<p style=\"text-align: center;\"><img loading=\"lazy\" decoding=\"async\" title=\"P\u00e5sk\" alt=\"\" src=\"http:\/\/www.fjs1970.se\/wp-content\/uploads\/2010\/03\/P\u00e5sk.jpg\" width=\"239\" height=\"190\" \/><\/p>\n<p style=\"text-align: left;\"><strong>V\u00e5ren\u00a0med sol och\u00a0v\u00e4rme\u00a0\u00e4r p\u00e5 v\u00e4g och rullgruset dammar p\u00e5 v\u00e4garna. Hojen (<a title=\"Yamaha\" href=\"http:\/\/www.yamaha-motor.se\/produkter\/motorcyklar\/glidare\/\" target=\"_blank\">Yamahan<\/a>)\u00a0\u00e4r inte framtagen \u00e4n\u00a0men det \u00e4r n\u00e4ra nu.\u00a0F\u00f6rhoppningsvis kommer \u00e4ven\u00a0Kentha (<a title=\"Suzuki\" href=\"http:\/\/www.suzukimc.se\/motorcyklar\/cruiser\/1267015-cruiser\" target=\"_blank\">Suzukin<\/a>), Bengt Sj\u00f6berg (<a title=\"BMW\" href=\"http:\/\/www.bmw-motorrad.se\/se\/sv\/index.html\" target=\"_blank\">BMW:n<\/a>)\u00a0och kanske \u00e4ven Boman (<a title=\"HD\" href=\"http:\/\/www.harley-davidson.se\/\" target=\"_blank\">HD:n<\/a>)\u00a0p\u00e5 sina\u00a0hojar till FJS-dag. Kommer det fler p\u00e5 hoj?<\/strong><\/p>\n<p style=\"text-align: left;\"><strong>Yngste grabben Carl \u00e4r f\u00e4rdig med gymnasiet i v\u00e5r\u00a0och flyttar vidare.\u00a0Sj\u00e4lv har jag satt huset till f\u00f6rs\u00e4ljning under mottot &#8221;aldrig mera gr\u00e4sklippning&#8221;, s\u00e5 om\u00a0Du har en liten och billig l\u00e4genhet n\u00e5gonstans i Sverige s\u00e5 h\u00f6r av Dig. Allt \u00e4r av intresse.<\/strong><\/p>\n<p style=\"text-align: left;\"><strong>Hatten av f\u00f6r LHC och jag \u00f6nskar dom lycka till i det fortsatta SM-slutspelet.\u00a0Trevligt att inga protester inkommit ang\u00e5ende mina\u00a0tidigare uttalande utan att vi \u00e4nd\u00e5 \u00e4r \u00f6verens om att\u00a0<a title=\"Fr\u00f6lunda\" href=\"http:\/\/www.frolundaindians.com\/\" target=\"_blank\">Sveriges b\u00e4sta hockeylag <\/a>\u00e4r Fr\u00f6lunda.<\/strong><\/p>\n<p style=\"text-align: left;\"><strong><span style=\"color: #dcbea7;\">.<\/span><\/strong><\/p>\n<ul>\n<li>\n<div style=\"text-align: left;\"><strong>Har f\u00e5tt ett par mail fr\u00e5n Mats Kilander, samordnare f\u00f6r GU 69\/70, som Ni kan l\u00e4sa\u00a0h\u00e4r nedan.<\/strong><\/div>\n<\/li>\n<\/ul>\n<p style=\"text-align: left;\">\n<ul>\n<li>\n<div style=\"text-align: left;\"><strong>Ett eget minne tillsammans med f\u00f6rsta grupp p\u00e5 andra pluton och \u00f6fu Kuoppala,\u00a0 kommer sist i det h\u00e4r inl\u00e4gget och kan kallas\u00a0-Hur man smidigt och tyst f\u00e5ngar en hare-.<\/strong><\/div>\n<\/li>\n<\/ul>\n<p><strong><span style=\"color: #e2cdb5;\">.<\/span><\/strong><\/p>\n<h5 style=\"text-align: left;\">En Glad P\u00e5sk och ta det vackert i trafiken oavsett om Du hojar eller k\u00f6r bil, s\u00e5 ses vi i slutet av maj.<\/h5>\n<p style=\"text-align: left;\"><strong><span style=\"color: #ddb69c;\">.<\/span><\/strong><\/p>\n<p style=\"text-align: left;\"><strong>Bohusl\u00e4n den 31 mars 2010<\/strong><\/p>\n<p style=\"text-align: left;\"><strong>Svante (201)<\/strong><\/p>\n<p style=\"text-align: left;\"><strong><span style=\"color: #ddb69c;\">.<\/span><\/strong><\/p>\n<p style=\"text-align: center;\">\u2666<\/p>\n<p style=\"text-align: left;\"><span style=\"color: #d9baa0;\">.<\/span><\/p>\n<p style=\"text-align: left;\"><span style=\"color: #d6baa3;\"> .<\/span><\/p>\n<p style=\"text-align: left;\"><span style=\"color: #000000;\"><strong>E-post den\u00a029\/3\u00a0fr\u00e5n\u00a0Mats Kilander<\/strong><\/span><\/p>\n<p style=\"text-align: left;\"><strong><span style=\"color: #d5b39a;\">.<\/span><\/strong><\/p>\n<p><strong>Hej Svante!<\/strong><\/p>\n<p><strong>Jag satt just och fluktade lite p\u00e5 mina gamla foton fr\u00e5n v\u00e5rat rep 1973. Vi hade ju &#8221;er&#8221; signalist 140 (Lars) Arvidsson med oss d\u00e5. Jag tr\u00e4ffade honom sedan n\u00e5gon g\u00e5ng p\u00e5 80-talet i samband med att Svenska Fallsk\u00e4rmsf\u00f6rbundet hade ett administrativ m\u00f6te med klubbfunktion\u00e4rer medan jag var f\u00f6rbundskass\u00f6r. Han hade en datafirma i Halmstad d\u00e5 och jag fick ett visitkort. Har f\u00f6r mig att han h\u00f6rde av sig n\u00e5got \u00e5r efter\u00e5t ocks\u00e5. N\u00e4r jag hade lagt upp mina foton p\u00e5 n\u00e4tet f\u00f6rs\u00f6kte jag f\u00e5 tag i honom. Det gamla visitkortet g\u00e4llde inte l\u00e4ngre och jag fann honom inte heller p\u00e5 lite enkla s\u00f6k. Jag ser att han inte \u00e4r anm\u00e4ld till er tr\u00e4ff men du kanske \u00e4nd\u00e5 har lite adressuppgifter p\u00e5 honom du kan f\u00f6rmedla.<\/strong><\/p>\n<p><strong>I \u00f6vrigt k\u00e4nner jag Pelle Elms\u00e4ter via den civila hoppningen. Visste inte heller att Clifford M\u00e5nstr\u00f6m (senare CI p\u00e5 FJS) ocks\u00e5 var grundutbildat s\u00e5som fallsk\u00e4rmsj\u00e4gare. Han s\u00e5g till att jag \u00e5terkomma till FJS f\u00f6r utbildning till vpl Hoppm\u00e4stere 2.<\/strong><\/p>\n<p><strong>Ha det gott!<\/strong><\/p>\n<p><strong>Mats<\/strong><\/p>\n<p><strong><span style=\"color: #dabb9e;\">.<\/span><\/strong><\/p>\n<p>&nbsp;<\/p>\n<p><strong>Hej igen!<\/strong><\/p>\n<p><strong>Man \u00e4r ju inte spanarsoldat f\u00f6r intet. Tittade vidare p\u00e5 minnessidan \u00f6ver avlidna och s\u00e5g Christer Str\u00f6m d\u00e4r. Han dog ju vid en drunkningsolycka i samband med fallsk\u00e4rmsuppvisning, vilket du f\u00f6rst\u00e5s visste (?). I samband med att jag skickade ut min f\u00f6rfr\u00e5gan om den snedst\u00e4llda baracken fick jag ju n\u00e5gra mejl. Bl a fr\u00e5n en kille, Lennart Sj\u00f6holm, som l\u00e5g inne 1964\/65. Han skickade mig det foto, vilket du kanske s\u00e5g p\u00e5 oss 40-\u00e5rsjubilarer f\u00f6rra \u00e5ret. Han skickade sedan ytterligare n\u00e5gra foton med bl a svenska landslaget i fallsk\u00e4rmshoppning 1970, vilket p\u00e5 den tiden bestod av bara gamla fallsk\u00e4rmsj\u00e4gare och d\u00e4r jag k\u00e4nde igen fyra av fem (k\u00e4nde bara till namnet p\u00e5 den femte). Jag ber\u00e4ttade d\u00e5 min historia s\u00e5som civil hoppare, varp\u00e5 jag fick ytterligare n\u00e5gra foton med ytterligare bekanta. Christer Str\u00f6m hann jag aldrig l\u00e4ra k\u00e4nna d\u00e5 jag bara var &#8221;f\u00e4rsking&#8221; n\u00e4r han f\u00f6rolyckades. Jag bifogar ett foto med honom p\u00e5 i alla fall, om det kan vara till n\u00e5gon gl\u00e4dje.<\/strong><\/p>\n<p><strong>Ha det gott!<\/strong><\/p>\n<p><strong>Mats<\/strong><\/p>\n<p><strong>Mobil 0733-897 487<br \/>\n<\/strong><\/p>\n<p><a href=\"mailto:matskilander@gmail.com\"><strong>matskilander(at)gmail.com<\/strong><\/a><span style=\"color: #dcc3a7;\">.<\/span><\/p>\n<div id=\"attachment_3506\" style=\"width: 650px\" class=\"wp-caption alignnone\"><a href=\"http:\/\/www.fjs1970.se\/wp-content\/uploads\/2010\/03\/Christer-Str\u00f6m.jpg\"><img loading=\"lazy\" decoding=\"async\" aria-describedby=\"caption-attachment-3506\" class=\"size-full wp-image-3506 \" title=\"(147) Christer Str\u00f6m\" alt=\"(147) Christer Str\u00f6m\" src=\"http:\/\/www.fjs1970.se\/wp-content\/uploads\/2010\/03\/Christer-Str\u00f6m.jpg\" width=\"640\" height=\"436\" srcset=\"https:\/\/www.fjs1970.se\/wp-content\/uploads\/2010\/03\/Christer-Str\u00f6m.jpg 800w, https:\/\/www.fjs1970.se\/wp-content\/uploads\/2010\/03\/Christer-Str\u00f6m-300x204.jpg 300w\" sizes=\"auto, (max-width: 640px) 100vw, 640px\" \/><\/a><p id=\"caption-attachment-3506\" class=\"wp-caption-text\">(147) Christer Str\u00f6m<\/p><\/div>\n<p><span style=\"color: #e4c8b3;\"> .<\/span><\/p>\n<p style=\"text-align: center;\">\u2666<\/p>\n<p style=\"text-align: left;\"><span style=\"color: #d2b292;\">. <\/span><\/p>\n<h5 style=\"text-align: left;\">Ett vinterminne med \u00d6fu Kuoppala 1971<\/h5>\n<div id=\"attachment_1560\" style=\"width: 355px\" class=\"wp-caption alignnone\"><a href=\"http:\/\/www.fjs1970.se\/wp-content\/uploads\/2009\/12\/Kuoppala-2.jpg\"><img loading=\"lazy\" decoding=\"async\" aria-describedby=\"caption-attachment-1560\" class=\"size-full wp-image-1560\" title=\"\u00d6fu Kuoppala\" alt=\"\" src=\"http:\/\/www.fjs1970.se\/wp-content\/uploads\/2009\/12\/Kuoppala-2.jpg\" width=\"345\" height=\"516\" srcset=\"https:\/\/www.fjs1970.se\/wp-content\/uploads\/2009\/12\/Kuoppala-2.jpg 345w, https:\/\/www.fjs1970.se\/wp-content\/uploads\/2009\/12\/Kuoppala-2-200x300.jpg 200w\" sizes=\"auto, (max-width: 345px) 100vw, 345px\" \/><\/a><p id=\"caption-attachment-1560\" class=\"wp-caption-text\">\u00d6verfurir Bengt Kuoppala<\/p><\/div>\n<p><span style=\"color: #d6bba2;\"> .<\/span><\/p>\n<div id=\"attachment_302\" style=\"width: 650px\" class=\"wp-caption alignnone\"><img loading=\"lazy\" decoding=\"async\" aria-describedby=\"caption-attachment-302\" class=\"size-full wp-image-302\" title=\"Vinterutbildning i Kiruna\" alt=\"Vinterutbildning i Kiruna\" src=\"http:\/\/www.fjs1970.se\/wp-content\/uploads\/2009\/12\/FJS-Bild-24.jpg\" width=\"640\" height=\"456\" srcset=\"https:\/\/www.fjs1970.se\/wp-content\/uploads\/2009\/12\/FJS-Bild-24.jpg 640w, https:\/\/www.fjs1970.se\/wp-content\/uploads\/2009\/12\/FJS-Bild-24-300x213.jpg 300w\" sizes=\"auto, (max-width: 640px) 100vw, 640px\" \/><p id=\"caption-attachment-302\" class=\"wp-caption-text\">Vinterutbildning i Kiruna 1971<\/p><\/div>\n<p><span style=\"color: #e4c8b3;\">.<\/span><\/p>\n<p><strong> <\/strong><br \/>\n<strong>Vid en f\u00f6rflyttning p\u00e5 skidor under bef\u00e4l av v\u00e5r\u00a0genuine skogs- och fj\u00e4llman \u00f6fu Bengt Kuoppala fick vi pl\u00f6tsligt se en grann vit hare en bra bit framf\u00f6r oss\u00a0i sn\u00f6n. Haren satt blick stilla och gjorde sig osynlig. D\u00e5\u00a0ber\u00e4ttade Bengt Kuoppala, inf\u00f6r facinerade \u00e5h\u00f6rare,\u00a0trixet med hur man enkelt och tyst f\u00e5r den fina haren i stekpannan och stillar sin hunger.<br \/>\n<\/strong><\/p>\n<p><strong>B\u00f6rja med att g\u00e5 i en vid cirkel runt haren. Cirkeln minskas f\u00f6r varje varv och man n\u00e4rmar sig nu l\u00e5ngsamt den stillasittande och distraherade haren. Stannar man still s\u00e5 sticker den direkt men r\u00f6r man sig stillsamt hela tiden kommer man s\u00e5 sm\u00e5ningom tillr\u00e4ckligt n\u00e4ra f\u00f6r att med en snabb r\u00f6relse greppa den i \u00f6ronen. &#8221;L\u00e4tt som en pl\u00e4tt&#8221; och faktiskt riktigt\u00a0trov\u00e4rdigt i motsats till det man tidigare blivit l\u00e4rd\u00a0om att &#8221;str\u00f6 salt p\u00e5 stj\u00e4rten p\u00e5 sm\u00e5f\u00e5glarna s\u00e5 blir dom\u00a0tama&#8221;.<\/strong><\/p>\n<p><strong>Eftersom\u00a0major\u00b4n vid en tidigare \u00f6vning, j\u00e4garveckan tror jag, \u00f6verraskande hade sl\u00e4ngt till oss en iskall\u00a0h\u00f6na s\u00e5 beh\u00e4rskade vi ju redan konsten att ta tillvara p\u00e5 f\u00e5ngat sm\u00e5vilt.<\/strong><strong><br \/>\nHungern skulle aldrig bli n\u00e5got framtida problem i skogen. Dock, om jag minns r\u00e4tt,\u00a0sm\u00f6g\u00a0vi\u00a0ofta ner en bit torkat renk\u00f6tt i ryggs\u00e4cken bland torrfodret\u00a0ut i fall att&#8230;\u00a0 \u00a0\/201Larsson\/<\/strong><\/p>\n<p style=\"text-align: center;\"><strong><img loading=\"lazy\" decoding=\"async\" title=\"Hare\" alt=\"\" src=\"http:\/\/www.fjs1970.se\/wp-content\/uploads\/2010\/03\/Hare.jpg\" width=\"220\" height=\"149\" \/><\/strong><\/p>\n<p style=\"text-align: center;\">\n<p style=\"text-align: center;\"><strong><a title=\"Kommentera artikel\" href=\"http:\/\/www.fjs1970.se\/?p=3418#respond\" target=\"_self\">Kommentera artikeln.<\/a><\/strong><\/p>\n<h1 style=\"text-align: center;\">\u25ca<\/h1>\n","protected":false},"excerpt":{"rendered":"<p>G L A D\u00a0\u00a0\u00a0 P \u00c5 S K V\u00e5ren\u00a0med sol och\u00a0v\u00e4rme\u00a0\u00e4r p\u00e5 v\u00e4g och rullgruset dammar p\u00e5 v\u00e4garna. Hojen (Yamahan)\u00a0\u00e4r inte framtagen \u00e4n\u00a0men det \u00e4r n\u00e4ra nu.\u00a0F\u00f6rhoppningsvis kommer \u00e4ven\u00a0Kentha (Suzukin), Bengt Sj\u00f6berg (BMW:n)\u00a0och kanske \u00e4ven Boman (HD:n)\u00a0p\u00e5 sina\u00a0hojar till FJS-dag. Kommer det fler p\u00e5 hoj? Yngste grabben Carl \u00e4r f\u00e4rdig med gymnasiet i v\u00e5r\u00a0och flyttar [&hellip;]<\/p>\n","protected":false},"author":1,"featured_media":0,"comment_status":"closed","ping_status":"closed","sticky":false,"template":"","format":"standard","meta":{"footnotes":""},"categories":[9],"tags":[26,61,58,60,6,7,5,57,8,86,16,59],"class_list":["post-3418","post","type-post","status-publish","format-standard","hentry","category-fjs-och-fallskarmsjagarna","tag-40-ars-jubileum","tag-arvidsson","tag-christer","tag-elmsater","tag-fallskarmsjagare","tag-fallskarmsjagarna","tag-fjs","tag-glad-pask","tag-karlsborg","tag-kuoppala","tag-ornen","tag-strom"],"_links":{"self":[{"href":"https:\/\/www.fjs1970.se\/index.php?rest_route=\/wp\/v2\/posts\/3418","targetHints":{"allow":["GET"]}}],"collection":[{"href":"https:\/\/www.fjs1970.se\/index.php?rest_route=\/wp\/v2\/posts"}],"about":[{"href":"https:\/\/www.fjs1970.se\/index.php?rest_route=\/wp\/v2\/types\/post"}],"author":[{"embeddable":true,"href":"https:\/\/www.fjs1970.se\/index.php?rest_route=\/wp\/v2\/users\/1"}],"replies":[{"embeddable":true,"href":"https:\/\/www.fjs1970.se\/index.php?rest_route=%2Fwp%2Fv2%2Fcomments&post=3418"}],"version-history":[{"count":199,"href":"https:\/\/www.fjs1970.se\/index.php?rest_route=\/wp\/v2\/posts\/3418\/revisions"}],"predecessor-version":[{"id":12250,"href":"https:\/\/www.fjs1970.se\/index.php?rest_route=\/wp\/v2\/posts\/3418\/revisions\/12250"}],"wp:attachment":[{"href":"https:\/\/www.fjs1970.se\/index.php?rest_route=%2Fwp%2Fv2%2Fmedia&parent=3418"}],"wp:term":[{"taxonomy":"category","embeddable":true,"href":"https:\/\/www.fjs1970.se\/index.php?rest_route=%2Fwp%2Fv2%2Fcategories&post=3418"},{"taxonomy":"post_tag","embeddable":true,"href":"https:\/\/www.fjs1970.se\/index.php?rest_route=%2Fwp%2Fv2%2Ftags&post=3418"}],"curies":[{"name":"wp","href":"https:\/\/api.w.org\/{rel}","templated":true}]}}