{"id":3071,"date":"2010-03-25T05:51:56","date_gmt":"2010-03-25T04:51:56","guid":{"rendered":"http:\/\/www.fjs1970.se\/?p=3071"},"modified":"2014-02-22T13:23:58","modified_gmt":"2014-02-22T12:23:58","slug":"forsta-sprangovningen-och-bilder-pa-sam","status":"publish","type":"post","link":"https:\/\/www.fjs1970.se\/?p=3071","title":{"rendered":"Fallsk\u00e4rmsj\u00e4gare -F\u00f6rsta spr\u00e4ng\u00f6vningen och Bilder p\u00e5 &#8221;Sam&#8221;-"},"content":{"rendered":"<h1 style=\"text-align: center;\">Aldrig hata-Bara \u00e4lska<\/h1>\n<h1 style=\"text-align: center;\">Goa Gubbar<\/h1>\n<p style=\"text-align: center;\"><img loading=\"lazy\" decoding=\"async\" class=\"size-full wp-image-3371    aligncenter\" title=\"Fr\u00f6lunda Indians\" alt=\"\" src=\"http:\/\/www.fjs1970.se\/wp-content\/uploads\/2010\/03\/Fr\u00f6lunda.png\" width=\"175\" height=\"108\" \/><\/p>\n<p style=\"text-align: left;\"><span style=\"color: #e0ccad;\">.<\/span><\/p>\n<p style=\"text-align: left;\"><strong>M\u00e5ste bara\u00a0skicka en h\u00e4lsning till Kentha (204) och alla andra goa\u00a0Indianer.\u00a0Grattis! Vinden i ryggen, stolpe in och en ljusnande framtid&#8230; <\/strong><\/p>\n<p style=\"text-align: left;\"><strong><span style=\"color: #ddc8b0;\">.<\/span><\/strong><\/p>\n<p style=\"text-align: left;\"><strong>Nedan f\u00f6ljer \u00e4nnu en go skr\u00f6na. Den h\u00e4r\u00a0g\u00e5ngen\u00a0signerad Viljo (202). <\/strong><strong>N\u00e5gra fina gamla bilder p\u00e5 v\u00e5r omtyckte rustm\u00e4stare\u00a0&#8221;Sam&#8221; hittar Du ocks\u00e5.<\/strong><\/p>\n<p style=\"text-align: left;\"><strong><span style=\"color: #ddc8b0;\">.<\/span><\/strong><\/p>\n<p style=\"text-align: left;\"><strong>Svante (201)<\/strong><\/p>\n<p style=\"text-align: left;\"><strong><span style=\"color: #e6d6bc;\">.<\/span><\/strong><\/p>\n<p style=\"text-align: center;\">\u2666<\/p>\n<p style=\"text-align: left;\"><span style=\"color: #e6d6bc;\">.<\/span><\/p>\n<h1 style=\"text-align: center;\">&#8221;F\u00f6rsta \u00f6vningen i spr\u00e4ngning&#8221;<\/h1>\n<h5 style=\"text-align: center;\">eller<\/h5>\n<h5 style=\"text-align: center;\">\u201dKl\u00e4mmer man med aptert\u00e5ngen p\u00e5 fel s\u00e4tt kan det sluta illa\u201d<\/h5>\n<p style=\"text-align: left;\"><span style=\"color: #d6c3a3;\">. <\/span><\/p>\n<p><strong>Efter sedvanligt noggrann genomg\u00e5ng var det dags f\u00f6r det f\u00f6rsta praktiska passet med spr\u00e4ngmedel. Av s\u00e4kerhetssk\u00e4l, antar jag, s\u00e5 var vi uppe p\u00e5 Flugebyn. Vi h\u00f6ll till i utkanten av f\u00e4ltet och d\u00e4r v\u00e4xte en hel del bj\u00f6rksly och sm\u00e5granar. Efter aptering med t\u00e4ndhatt och en liten bit krutstubin skulle vi placera v\u00e5ra laddningar p\u00e5 marken och p\u00e5 kommando t\u00e4nda p\u00e5 stubintr\u00e5den och \u00e5tersamlas. Det f\u00f6rtydligades att laddningen skulle l\u00e4ggas direkt p\u00e5 marken.<\/strong><\/p>\n<p><strong>Alla ins\u00e5g att en s\u00e5dan h\u00e4r \u00f6vning g\u00e5r ju att g\u00f6ra mycket intressantare.<\/strong><\/p>\n<p><strong>N\u00e4r den f\u00f6rsta laddningen detonerade fl\u00f6g en mindre julgran, som en rymdraket, upp i luften.<\/strong><\/p>\n<p><strong>D\u00e4refter kom en kaskad av buskar flygande upp i luften allt medan alla barnen stor\u00f6gt beundrade sitt m\u00e4sterverk. Efter\u00e5t kunde vi n\u00f6jda konstatera att alla laddningarna hade fungerat precis som de skulle. En bra \u00f6vning.<\/strong><\/p>\n<p><strong>202 Telinius<\/strong><\/p>\n<p style=\"text-align: left;\"><span style=\"color: #dbc2a8;\">.<img loading=\"lazy\" decoding=\"async\" title=\"Sprangning\" alt=\"\" src=\"http:\/\/www.fjs1970.se\/wp-content\/uploads\/2010\/03\/Sprangning.jpg\" width=\"640\" height=\"164\" \/><\/span><\/p>\n<p style=\"text-align: left;\">\n<p style=\"text-align: center;\"><span style=\"color: #000000;\">\u2666<\/span><\/p>\n<p style=\"text-align: left;\"><span style=\"color: #d3ba9b;\">.<\/span><\/p>\n<p>&nbsp;<\/p>\n<h5 style=\"text-align: left;\"><span style=\"color: #000000;\">-Fallsk\u00e4rmstj\u00e4nst med Tore Samuelsson-<\/span><\/h5>\n<p style=\"text-align: left;\"><span style=\"color: #000000;\"><strong>H\u00e4r kommer prov p\u00e5 n\u00e5gra bilder fr\u00e5n <a title=\"Fallsk\u00e4rmsj\u00e4garna.org\" href=\"http:\/\/www.fallskarmsjagarna.org\/news.php\" target=\"_blank\">fallsk\u00e4rmsj\u00e4garklubbens hemsida<\/a>. Bilderna kallas &#8221;Fallsk\u00e4rmstj\u00e4nst med Tore Samuelsson&#8221; och Du\u00a0hittar hela samlingen\u00a0p\u00e5 klubbens hemsidan under &#8221;Projekt foto&#8221;.<\/strong><\/span><\/p>\n<p style=\"text-align: left;\"><span style=\"color: #000000;\"><img loading=\"lazy\" decoding=\"async\" class=\"alignnone size-full wp-image-3169\" title=\"Rustm Samuelsson, &quot;Sam&quot;, kontrollerar inf\u00f6r hopp.\" alt=\"\" src=\"http:\/\/www.fjs1970.se\/wp-content\/uploads\/2010\/03\/Clipboard02.jpg\" width=\"640\" height=\"450\" srcset=\"https:\/\/www.fjs1970.se\/wp-content\/uploads\/2010\/03\/Clipboard02.jpg 640w, https:\/\/www.fjs1970.se\/wp-content\/uploads\/2010\/03\/Clipboard02-300x210.jpg 300w\" sizes=\"auto, (max-width: 640px) 100vw, 640px\" \/><\/span><\/p>\n<p style=\"text-align: left;\"><span style=\"color: #000000;\"><img loading=\"lazy\" decoding=\"async\" class=\"alignnone size-full wp-image-3168\" title=\"Kn K\u00e4ck och rustm Samuelsson alias &quot;Sam&quot;\" alt=\"\" src=\"http:\/\/www.fjs1970.se\/wp-content\/uploads\/2010\/03\/Clipboard01.jpg\" width=\"640\" height=\"496\" srcset=\"https:\/\/www.fjs1970.se\/wp-content\/uploads\/2010\/03\/Clipboard01.jpg 640w, https:\/\/www.fjs1970.se\/wp-content\/uploads\/2010\/03\/Clipboard01-300x232.jpg 300w\" sizes=\"auto, (max-width: 640px) 100vw, 640px\" \/><\/span><\/p>\n<p style=\"text-align: left;\"><img loading=\"lazy\" decoding=\"async\" class=\"alignnone size-full wp-image-3167\" title=\"&quot;Sam&quot; i DC 3:an\" alt=\"\" src=\"http:\/\/www.fjs1970.se\/wp-content\/uploads\/2010\/03\/Clipboard03.jpg\" width=\"640\" height=\"520\" srcset=\"https:\/\/www.fjs1970.se\/wp-content\/uploads\/2010\/03\/Clipboard03.jpg 640w, https:\/\/www.fjs1970.se\/wp-content\/uploads\/2010\/03\/Clipboard03-300x243.jpg 300w\" sizes=\"auto, (max-width: 640px) 100vw, 640px\" \/><\/p>\n<p style=\"text-align: left;\"><strong>Rustm\u00e4stare Tore Samuelsson, &#8221;Sam&#8221;, har idag uppn\u00e5tt den aktningsv\u00e4rda \u00e5ldern av\u00a087 \u00e5r och bor i Karlsborg.\u00a0 Sam \u00e4r naturligtvis inbjuden till v\u00e5r &#8221;J\u00e4garbuffet i Hopphallen&#8221;\u00a0men har tackat nej eftersom han lovat vara tillsammans med 55-\u00e5rs jubilarerna p\u00e5 Kanalhotellet p\u00e5 fredagskv\u00e4llen.\u00a0\u00a0Han<\/strong><strong> vet var vi \u00e4r\u00a0och att han \u00e4r hj\u00e4rtligt\u00a0v\u00e4lkommen om han \u00e4nd\u00e5 skulle f\u00e5 en stund \u00f6ver (<\/strong><strong>55-\u00e5rs jubilarerna somnar s\u00e4kert tidigt s\u00e5 f\u00f6rhoppningsvis kommer han f\u00f6rbi lite senare). Tr\u00e4ffar vi honom inte p\u00e5 fredagskv\u00e4llen s\u00e5 ser vi honom i l\u00e4gret p\u00e5 l\u00f6rdagskv\u00e4llen.<\/strong><\/p>\n<p style=\"text-align: left;\"><strong>Kn K\u00e4ck, som vi ser p\u00e5 en av bilderna, finns med p\u00e5 v\u00e5r buff\u00e9 tillsammans med m\u00e5nga\u00a0\u00f6vriga bef\u00e4l. <\/strong><\/p>\n<p style=\"text-align: left;\"><strong>Se v\u00e5r <a title=\"Deltagarlista\" href=\"http:\/\/www.fjs1970.se\/?page_id=343\" target=\"_self\">Deltagarlista.<\/a><\/strong><\/p>\n<p style=\"text-align: left;\"><strong><span style=\"color: #dfceb9;\">.<\/span><\/strong><\/p>\n<h5 style=\"text-align: left;\">Vi ses p\u00e5 FJS-dag den 28-30 maj. Det finns plats f\u00f6r oss alla.<\/h5>\n<p style=\"text-align: left;\">\n<p style=\"text-align: center;\"><strong><a title=\"Kommentar\" href=\"http:\/\/www.fjs1970.se\/?p=3071#respond\" target=\"_self\">Kommentera g\u00e4rna ovanst\u00e5ende inl\u00e4gg<\/a><\/strong><\/p>\n<h1 style=\"text-align: center;\">\u25ca<\/h1>\n","protected":false},"excerpt":{"rendered":"<p>Aldrig hata-Bara \u00e4lska Goa Gubbar . M\u00e5ste bara\u00a0skicka en h\u00e4lsning till Kentha (204) och alla andra goa\u00a0Indianer.\u00a0Grattis! Vinden i ryggen, stolpe in och en ljusnande framtid&#8230; . Nedan f\u00f6ljer \u00e4nnu en go skr\u00f6na. Den h\u00e4r\u00a0g\u00e5ngen\u00a0signerad Viljo (202). N\u00e5gra fina gamla bilder p\u00e5 v\u00e5r omtyckte rustm\u00e4stare\u00a0&#8221;Sam&#8221; hittar Du ocks\u00e5. . Svante (201) . \u2666 . &#8221;F\u00f6rsta [&hellip;]<\/p>\n","protected":false},"author":1,"featured_media":0,"comment_status":"closed","ping_status":"closed","sticky":false,"template":"","format":"standard","meta":{"footnotes":""},"categories":[9],"tags":[54,6,7,5,8,16,56,55],"class_list":["post-3071","post","type-post","status-publish","format-standard","hentry","category-fjs-och-fallskarmsjagarna","tag-202-telinius","tag-fallskarmsjagare","tag-fallskarmsjagarna","tag-fjs","tag-karlsborg","tag-ornen","tag-sam","tag-sprangning"],"_links":{"self":[{"href":"https:\/\/www.fjs1970.se\/index.php?rest_route=\/wp\/v2\/posts\/3071","targetHints":{"allow":["GET"]}}],"collection":[{"href":"https:\/\/www.fjs1970.se\/index.php?rest_route=\/wp\/v2\/posts"}],"about":[{"href":"https:\/\/www.fjs1970.se\/index.php?rest_route=\/wp\/v2\/types\/post"}],"author":[{"embeddable":true,"href":"https:\/\/www.fjs1970.se\/index.php?rest_route=\/wp\/v2\/users\/1"}],"replies":[{"embeddable":true,"href":"https:\/\/www.fjs1970.se\/index.php?rest_route=%2Fwp%2Fv2%2Fcomments&post=3071"}],"version-history":[{"count":232,"href":"https:\/\/www.fjs1970.se\/index.php?rest_route=\/wp\/v2\/posts\/3071\/revisions"}],"predecessor-version":[{"id":12275,"href":"https:\/\/www.fjs1970.se\/index.php?rest_route=\/wp\/v2\/posts\/3071\/revisions\/12275"}],"wp:attachment":[{"href":"https:\/\/www.fjs1970.se\/index.php?rest_route=%2Fwp%2Fv2%2Fmedia&parent=3071"}],"wp:term":[{"taxonomy":"category","embeddable":true,"href":"https:\/\/www.fjs1970.se\/index.php?rest_route=%2Fwp%2Fv2%2Fcategories&post=3071"},{"taxonomy":"post_tag","embeddable":true,"href":"https:\/\/www.fjs1970.se\/index.php?rest_route=%2Fwp%2Fv2%2Ftags&post=3071"}],"curies":[{"name":"wp","href":"https:\/\/api.w.org\/{rel}","templated":true}]}}