{"id":2213,"date":"2010-01-26T06:10:24","date_gmt":"2010-01-26T05:10:24","guid":{"rendered":"http:\/\/www.fjs1970.se\/?p=2213"},"modified":"2014-02-22T13:19:47","modified_gmt":"2014-02-22T12:19:47","slug":"fallskarmsjagare-nyhetsbrev-vecka-4","status":"publish","type":"post","link":"https:\/\/www.fjs1970.se\/?p=2213","title":{"rendered":"Fallsk\u00e4rmsj\u00e4gare-Nyhetsbrev vecka 4"},"content":{"rendered":"<h5><strong><span style=\"text-decoration: underline;\"><img loading=\"lazy\" decoding=\"async\" class=\"alignnone size-full wp-image-2176\" title=\"Ur Tures album\" alt=\"\" src=\"http:\/\/www.fjs1970.se\/wp-content\/uploads\/2009\/12\/Clipboard02.jpg\" width=\"640\" height=\"471\" srcset=\"https:\/\/www.fjs1970.se\/wp-content\/uploads\/2009\/12\/Clipboard02.jpg 640w, https:\/\/www.fjs1970.se\/wp-content\/uploads\/2009\/12\/Clipboard02-300x220.jpg 300w\" sizes=\"auto, (max-width: 640px) 100vw, 640px\" \/><\/span><\/strong><\/h5>\n<h5><strong><span style=\"text-decoration: underline;\">Kamratmiddag<\/span><\/strong><\/h5>\n<p><strong>218 Johansson arrangerar v\u00e5r gemensamma kamratm\u00e5ltid p\u00e5 fredagskv\u00e4llen den 28 maj. Inbjudan,\u00a0som presenteras som ett inl\u00e4gg h\u00e4r p\u00e5 v\u00e5r hemsida, kommer i n\u00e4sta vecka.\u00a0H\u00e5ll \u00f6gonen \u00f6ppna och var beredda p\u00e5 en m\u00e5ltid i j\u00e4garmilj\u00f6.<\/strong><\/p>\n<p>&nbsp;<\/p>\n<h5><strong><span style=\"text-decoration: underline;\">Logipaketet-Gula Villan<\/span><\/strong><\/h5>\n<p><strong>Just nu \u00e4r vi 32 bokade p\u00e5 logipaketet till vandrarhemmet Gula Villan. H\u00e4r p\u00e5 hemsidan under fliken \u201d40-\u00e5rs jubileum\u201d och sedan \u201dDeltagare\u201d ser Du vilka vi \u00e4r.\u00a0Jag har bara\u00a08 b\u00e4ddar kvar och fortfarande g\u00e4ller bindande bokning\u00a0och \u201df\u00f6rst till kvarn\u2026\u201d<\/strong><\/p>\n<p>&nbsp;<\/p>\n<h5><strong><span style=\"text-decoration: underline;\">Hemsidan, Sajten eller Bloggen<\/span><\/strong><\/h5>\n<p><strong>K\u00e4rt barn har m\u00e5nga namn och oavsett vad vi kallar den s\u00e5 \u00e4r det\u00a0v\u00e5r gemensamma m\u00f6tesplats.<\/strong><\/p>\n<p>&nbsp;<\/p>\n<ul>\n<li><strong><span style=\"text-decoration: underline;\">Inl\u00e4gg<\/span> g\u00f6rs tills vidare via mig (201)\u00a0och alla \u00e4r naturligtvis v\u00e4lkomna med\u00a0sina inl\u00e4gg. Skicka dem\u00a0till mig s\u00e5 publicerar jag.<\/strong><\/li>\n<\/ul>\n<p>&nbsp;<\/p>\n<ul>\n<li><strong><span style=\"text-decoration: underline;\">Kommentarer<\/span> g\u00f6r Du sj\u00e4lv n\u00e4r du \u00e4r inne p\u00e5 hemsidan. Klicka p\u00e5 kommentarer (Comments) s\u00e5 \u00f6ppnas ett f\u00f6nster och Du kan kommentera. F\u00f6rsta kommentaren Du g\u00f6r g\u00e5r via mig f\u00f6r\u00a0godk\u00e4nnande\u00a0men sedan \u00e4r det fritt fram att kommentera direkt p\u00e5 hemsidan.<\/strong><\/li>\n<\/ul>\n<p>&nbsp;<\/p>\n<h5><strong><span style=\"text-decoration: underline;\">Fler bilder<\/span><\/strong><\/h5>\n<p><strong>Det har tillkommit bilder fr\u00e5n Tures album p\u00e5 hemsidan. Under fliken \u201dV\u00e4rnplikten 1970\/71\u201d och sedan \u201dBilder 70\/71\u201d och \u00e4ven under \u201dF\u00f6rsta pluton\u201d hittar Du dem. <\/strong><\/p>\n<p><strong>302 har skickat bilder som\u00a0Du hittar under &#8221;Tredje pluton&#8221;.\u00a0Fler bilder och gamla skr\u00f6nor till hemsidan tas emot med gl\u00e4dje.<\/strong><\/p>\n<p><strong>.<br \/>\n<\/strong><\/p>\n<p><strong>Bohusl\u00e4n den 26 januari 2010<\/strong><\/p>\n<p><strong>Svante (201)<\/strong><\/p>\n<p>&nbsp;<\/p>\n<h1 style=\"text-align: center;\">\u25ca<\/h1>\n","protected":false},"excerpt":{"rendered":"<p>Kamratmiddag 218 Johansson arrangerar v\u00e5r gemensamma kamratm\u00e5ltid p\u00e5 fredagskv\u00e4llen den 28 maj. Inbjudan,\u00a0som presenteras som ett inl\u00e4gg h\u00e4r p\u00e5 v\u00e5r hemsida, kommer i n\u00e4sta vecka.\u00a0H\u00e5ll \u00f6gonen \u00f6ppna och var beredda p\u00e5 en m\u00e5ltid i j\u00e4garmilj\u00f6. &nbsp; Logipaketet-Gula Villan Just nu \u00e4r vi 32 bokade p\u00e5 logipaketet till vandrarhemmet Gula Villan. H\u00e4r p\u00e5 hemsidan under fliken [&hellip;]<\/p>\n","protected":false},"author":1,"featured_media":0,"comment_status":"closed","ping_status":"closed","sticky":false,"template":"","format":"standard","meta":{"footnotes":""},"categories":[9],"tags":[41,6,7,5,8,84,85,83,75],"class_list":["post-2213","post","type-post","status-publish","format-standard","hentry","category-fjs-och-fallskarmsjagarna","tag-befal","tag-fallskarmsjagare","tag-fallskarmsjagarna","tag-fjs","tag-karlsborg","tag-lindmark","tag-spang","tag-vemdal","tag-wanseth"],"_links":{"self":[{"href":"https:\/\/www.fjs1970.se\/index.php?rest_route=\/wp\/v2\/posts\/2213","targetHints":{"allow":["GET"]}}],"collection":[{"href":"https:\/\/www.fjs1970.se\/index.php?rest_route=\/wp\/v2\/posts"}],"about":[{"href":"https:\/\/www.fjs1970.se\/index.php?rest_route=\/wp\/v2\/types\/post"}],"author":[{"embeddable":true,"href":"https:\/\/www.fjs1970.se\/index.php?rest_route=\/wp\/v2\/users\/1"}],"replies":[{"embeddable":true,"href":"https:\/\/www.fjs1970.se\/index.php?rest_route=%2Fwp%2Fv2%2Fcomments&post=2213"}],"version-history":[{"count":52,"href":"https:\/\/www.fjs1970.se\/index.php?rest_route=\/wp\/v2\/posts\/2213\/revisions"}],"predecessor-version":[{"id":12264,"href":"https:\/\/www.fjs1970.se\/index.php?rest_route=\/wp\/v2\/posts\/2213\/revisions\/12264"}],"wp:attachment":[{"href":"https:\/\/www.fjs1970.se\/index.php?rest_route=%2Fwp%2Fv2%2Fmedia&parent=2213"}],"wp:term":[{"taxonomy":"category","embeddable":true,"href":"https:\/\/www.fjs1970.se\/index.php?rest_route=%2Fwp%2Fv2%2Fcategories&post=2213"},{"taxonomy":"post_tag","embeddable":true,"href":"https:\/\/www.fjs1970.se\/index.php?rest_route=%2Fwp%2Fv2%2Ftags&post=2213"}],"curies":[{"name":"wp","href":"https:\/\/api.w.org\/{rel}","templated":true}]}}