{"id":213,"date":"2009-12-10T19:58:08","date_gmt":"2009-12-10T18:58:08","guid":{"rendered":"http:\/\/www.fjs1970.se\/?p=213"},"modified":"2014-02-22T17:45:17","modified_gmt":"2014-02-22T16:45:17","slug":"basta-fallskarmsjagare-god-jul-brev-2009","status":"publish","type":"post","link":"https:\/\/www.fjs1970.se\/?p=213","title":{"rendered":"B\u00e4sta Fallsk\u00e4rmsj\u00e4gare, God Jul brev 2009"},"content":{"rendered":"<h1><span style=\"color: #ff0000;\">God Jul och Gott Nytt \u00c5r!<\/span><\/h1>\n<p><img loading=\"lazy\" decoding=\"async\" class=\"alignnone size-full wp-image-1509\" title=\"M\u00e5rtensson\" alt=\"\" src=\"http:\/\/www.fjs1970.se\/wp-content\/uploads\/2009\/12\/M\u00e5rtensson.jpg\" width=\"609\" height=\"376\" srcset=\"https:\/\/www.fjs1970.se\/wp-content\/uploads\/2009\/12\/M\u00e5rtensson.jpg 609w, https:\/\/www.fjs1970.se\/wp-content\/uploads\/2009\/12\/M\u00e5rtensson-300x185.jpg 300w\" sizes=\"auto, (max-width: 609px) 100vw, 609px\" \/><\/p>\n<p><span style=\"color: #cdba97;\">.<\/span><\/p>\n<p>Hej FJS-v\u00e4nner,<\/p>\n<p>En rykande storm betraktad fr\u00e5n Tjurpannan h\u00e4r i Bohusl\u00e4n \u00e4r en m\u00e4ktig upplevelse. Lika m\u00e4ktigt minns jag flera h\u00e4ndelser fr\u00e5n FJS-tiden. F\u00f6rsta hoppet, \u00d6rnmarschen, 47 grader kallt, Kebnekaise och framf\u00f6rallt en god och varm gemenskap \u00e4r starka minnen \u00e4n idag. Det \u00e4r h\u00e4rligt med goa minnen.<\/p>\n<p>Grattis Orvar till Shanghai. Beh\u00f6ver Du en ordningsman i organisationen s\u00e5 h\u00f6r av Dig. Du vet ocks\u00e5 att Boman och Nille kan beh\u00f6va Ditt st\u00f6d om det skulle hetta till i bastun, <strong>s\u00e5 missa inte FJS-dag. <\/strong><\/p>\n<p>Dessv\u00e4rre m\u00e5ste jag meddela att Staffan Benoni, 327, har avlidit. Annonsen fr\u00e5n GP finns bifogad. Viljo har, \u201dFr\u00e5n kamraterna p\u00e5 FJS\u201d, gett en g\u00e5va till Ulla-Carin Lindquists stiftelse f\u00f6r ALS-forskning. Vi l\u00e5ter m\u00f6ssan g\u00e5 runt n\u00e4r vi ses p\u00e5 FJS-dag f\u00f6r bidrag till Viljos utl\u00e4gg.<\/p>\n<p>&nbsp;<\/p>\n<p><strong>Boka in fredagen den 28 maj till s\u00f6ndagen den 30 maj 2010 f\u00f6r v\u00e5rt 40 \u00e5rs jubileum p\u00e5 FJS-dag. <\/strong>Inbjudan, med program, kommer som e-post i januari. Erbjudande om enkelt boende likas\u00e5.<\/p>\n<p><span style=\"color: #cdba97;\">.<\/span><\/p>\n<p>Med f\u00f6rhoppning om ett gott klimatavtal i K\u00f6penhamn och<\/p>\n<p>En riktigt God Jul och Ett Gott Nytt \u00c5r,<\/p>\n<p><span style=\"color: #cdba97;\">.<\/span><\/p>\n<p>Bohusl\u00e4n den 10 december 2009<\/p>\n<p>Svante (201)<\/p>\n<p><span style=\"color: #cdba97;\">.<\/span><\/p>\n<p>Bilagor: Brevet i pdf\u2013format, Staffan Benonis d\u00f6dsannons, aktuell kontaktlista och 3 plutonsbilder.<\/p>\n<p><span style=\"color: #cdba97;\">.<\/span><\/p>\n<p>PS. Inom triangeln Sk\u00f6vde-T\u00f6reboda-Karlsborg tilldrog sig v\u00e5r j\u00e4garvecka i december f\u00f6r 39 \u00e5r sedan.<\/p>\n<p>N\u00e5gra foton fr\u00e5n j\u00e4garveckan ser Du i brevet samt lite sk\u00f4j fr\u00e5n julnumret av \u00d6rnen 1970. DS.<\/p>\n<p><strong>Kommentera inl\u00e4gget h\u00e4r!<\/strong><\/p>\n<h1 style=\"text-align: center;\">\u25ca<\/h1>\n","protected":false},"excerpt":{"rendered":"<p>God Jul och Gott Nytt \u00c5r! . Hej FJS-v\u00e4nner, En rykande storm betraktad fr\u00e5n Tjurpannan h\u00e4r i Bohusl\u00e4n \u00e4r en m\u00e4ktig upplevelse. Lika m\u00e4ktigt minns jag flera h\u00e4ndelser fr\u00e5n FJS-tiden. F\u00f6rsta hoppet, \u00d6rnmarschen, 47 grader kallt, Kebnekaise och framf\u00f6rallt en god och varm gemenskap \u00e4r starka minnen \u00e4n idag. Det \u00e4r h\u00e4rligt med goa minnen. [&hellip;]<\/p>\n","protected":false},"author":1,"featured_media":0,"comment_status":"closed","ping_status":"closed","sticky":false,"template":"","format":"standard","meta":{"footnotes":""},"categories":[9],"tags":[37,6,7,5,39,38,8,82,16,36],"class_list":["post-213","post","type-post","status-publish","format-standard","hentry","category-fjs-och-fallskarmsjagarna","tag-benoni","tag-fallskarmsjagare","tag-fallskarmsjagarna","tag-fjs","tag-god-jul","tag-jagarveckan","tag-karlsborg","tag-martensson","tag-ornen","tag-staffan"],"_links":{"self":[{"href":"https:\/\/www.fjs1970.se\/index.php?rest_route=\/wp\/v2\/posts\/213","targetHints":{"allow":["GET"]}}],"collection":[{"href":"https:\/\/www.fjs1970.se\/index.php?rest_route=\/wp\/v2\/posts"}],"about":[{"href":"https:\/\/www.fjs1970.se\/index.php?rest_route=\/wp\/v2\/types\/post"}],"author":[{"embeddable":true,"href":"https:\/\/www.fjs1970.se\/index.php?rest_route=\/wp\/v2\/users\/1"}],"replies":[{"embeddable":true,"href":"https:\/\/www.fjs1970.se\/index.php?rest_route=%2Fwp%2Fv2%2Fcomments&post=213"}],"version-history":[{"count":29,"href":"https:\/\/www.fjs1970.se\/index.php?rest_route=\/wp\/v2\/posts\/213\/revisions"}],"predecessor-version":[{"id":12307,"href":"https:\/\/www.fjs1970.se\/index.php?rest_route=\/wp\/v2\/posts\/213\/revisions\/12307"}],"wp:attachment":[{"href":"https:\/\/www.fjs1970.se\/index.php?rest_route=%2Fwp%2Fv2%2Fmedia&parent=213"}],"wp:term":[{"taxonomy":"category","embeddable":true,"href":"https:\/\/www.fjs1970.se\/index.php?rest_route=%2Fwp%2Fv2%2Fcategories&post=213"},{"taxonomy":"post_tag","embeddable":true,"href":"https:\/\/www.fjs1970.se\/index.php?rest_route=%2Fwp%2Fv2%2Ftags&post=213"}],"curies":[{"name":"wp","href":"https:\/\/api.w.org\/{rel}","templated":true}]}}