{"id":2088,"date":"2010-01-13T05:25:00","date_gmt":"2010-01-13T04:25:00","guid":{"rendered":"http:\/\/www.fjs1970.se\/?p=2088"},"modified":"2014-02-22T17:45:59","modified_gmt":"2014-02-22T16:45:59","slug":"baste-fallskarmsjagare-januaribrev-2010","status":"publish","type":"post","link":"https:\/\/www.fjs1970.se\/?p=2088","title":{"rendered":"B\u00e4ste Fallsk\u00e4rmsj\u00e4gare-Januaribrev 2010"},"content":{"rendered":"<h1><span style=\"color: #c71704;\">Logipaket p\u00e5 FJS-dag. Boka nu!<\/span><\/h1>\n<p><span style=\"color: #800000;\"><img decoding=\"async\" class=\"alignnone size-full wp-image-1000\" title=\"Gula Villan\" alt=\"Gula Villan\" src=\"http:\/\/www.fjs1970.se\/wp-content\/uploads\/2009\/12\/Gula-Villan.bmp\" \/><\/span><\/p>\n<p><strong>Hej FJS-v\u00e4nner,<\/strong><strong> <\/strong><\/p>\n<p>&nbsp;<\/p>\n<p><strong>H\u00e4r kommer ett f\u00f6rslag till gemensamt\u00a0boende i samband med v\u00e5rt 40-\u00e5rs jubileum p\u00e5 FJS-dag den 28-30 maj. Boendet inneb\u00e4r att Du f\u00e5r tv\u00e5 n\u00e4tter med b\u00e4dd och bra frukost. Lakan ing\u00e5r inte men finns att hyra om Du gl\u00f6mmer egna. Sovs\u00e4ck kan vara ett praktiskt alternativ. <\/strong><\/p>\n<p>&nbsp;<\/p>\n<p><strong>F\u00f6r att inte beh\u00f6va f\u00e5 in andra g\u00e4ster p\u00e5 v\u00e5ra rum, s\u00e5 \u00e4r bokningen av paketet bindande och g\u00e4ller f\u00f6r tv\u00e5 n\u00e4tter. Senast tv\u00e5 veckor, allts\u00e5 fjorton\u00a0dagar,\u00a0f\u00f6re FJS-dag kan Du boka av. Vi andra f\u00e5r n\u00e4mligen ta Din kostnad om vi inte vill ha in en utomst\u00e5ende i Din b\u00e4dd.<\/strong><\/p>\n<p><strong><span style=\"text-decoration: underline;\">40 b\u00e4ddar har jag och f\u00f6rst till kvarn g\u00e4ller&#8230;<\/span><\/strong><\/p>\n<p>&nbsp;<\/p>\n<p><strong>440 kronor f\u00f6r 2 n\u00e4tter (fredag-s\u00f6ndag)\u00a0inklusive frukost. Du betalar vid incheckningen p\u00e5 Gula Villan. <\/strong><\/p>\n<p><span style=\"text-decoration: underline;\"><strong>Bokningen, som \u00e4r bindande, g\u00f6r Du till mig p\u00e5<\/strong><\/span> <strong> <\/strong><a href=\"mailto:l.svante.larsson@telia.com\"><strong>l.svante.larsson(at)telia.com<\/strong><\/a><\/p>\n<p>&nbsp;<\/p>\n<p><strong>_________________________________________________________________________________<\/strong><strong><\/strong><\/p>\n<p>&nbsp;<\/p>\n<ul>\n<li><strong>I en bilaga till det h\u00e4r brevet hittar Du v\u00e5rt program f\u00f6r 40-\u00e5rsjubileet. <\/strong><\/li>\n<li><strong>En inbjudan till gemensam m\u00e5ltid\u00a0p\u00e5 fredagskv\u00e4llen\u00a0den 28 maj skickas ut\u00a0i januari av (320) Eriksson.<\/strong><\/li>\n<\/ul>\n<p><strong>_________________________________________________________________________________<\/strong><strong><\/strong><\/p>\n<p>&nbsp;<\/p>\n<p><strong>Under julhelgen har jag p\u00e5b\u00f6rjat en gemensam sajt om oss p\u00e5 internet och h\u00e4r beh\u00f6vs m\u00e5nga fler bilder, skr\u00f6nor och annat material.\u00a0Hj\u00e4lps vi \u00e5t s\u00e5 skapar vi en trevlig plattform med information som vi enkelt n\u00e5r fr\u00e5n v\u00e5ra datorer. Ge g\u00e4rna Din syn p\u00e5 sajten och meddela mig \u00e4ven eventuella faktafel.<\/strong><strong><\/strong><\/p>\n<p><strong><span style=\"text-decoration: underline;\">Samla ihop foton, skriv ner skr\u00f6nor och mejla mig resultatet s\u00e5 l\u00e4gger jag upp det.<\/span><\/strong><\/p>\n<p>&nbsp;<\/p>\n<p><strong>Adressen p\u00e5 internet till den nystartade gemensamma sajten \u00e4r,<\/strong><strong><\/strong><\/p>\n<p><a href=\"http:\/\/www.fjs1970.se\/\"><strong>www.fjs1970.se<\/strong><\/a> <strong><\/strong><\/p>\n<p>&nbsp;<\/p>\n<p>&nbsp;<\/p>\n<p><strong>En god forts\u00e4ttning p\u00e5 det nya \u00e5ret,<\/strong><strong><\/strong><\/p>\n<p><strong>Bohusl\u00e4n den13 januari 2010 <\/strong><strong><\/strong><\/p>\n<p><strong>Svante (201)<\/strong><\/p>\n<p><strong><span style=\"color: #cbc099;\">.<\/span><\/strong><\/p>\n<h5>Kommentera brevet h\u00e4r!<\/h5>\n<h1 style=\"text-align: center;\">\u25ca<\/h1>\n","protected":false},"excerpt":{"rendered":"<p>Logipaket p\u00e5 FJS-dag. Boka nu! Hej FJS-v\u00e4nner, &nbsp; H\u00e4r kommer ett f\u00f6rslag till gemensamt\u00a0boende i samband med v\u00e5rt 40-\u00e5rs jubileum p\u00e5 FJS-dag den 28-30 maj. Boendet inneb\u00e4r att Du f\u00e5r tv\u00e5 n\u00e4tter med b\u00e4dd och bra frukost. Lakan ing\u00e5r inte men finns att hyra om Du gl\u00f6mmer egna. Sovs\u00e4ck kan vara ett praktiskt alternativ. &nbsp; [&hellip;]<\/p>\n","protected":false},"author":1,"featured_media":0,"comment_status":"closed","ping_status":"closed","sticky":false,"template":"","format":"standard","meta":{"footnotes":""},"categories":[9],"tags":[6,7,5,21,8,40,16],"class_list":["post-2088","post","type-post","status-publish","format-standard","hentry","category-fjs-och-fallskarmsjagarna","tag-fallskarmsjagare","tag-fallskarmsjagarna","tag-fjs","tag-gula-villan","tag-karlsborg","tag-logipaket","tag-ornen"],"_links":{"self":[{"href":"https:\/\/www.fjs1970.se\/index.php?rest_route=\/wp\/v2\/posts\/2088","targetHints":{"allow":["GET"]}}],"collection":[{"href":"https:\/\/www.fjs1970.se\/index.php?rest_route=\/wp\/v2\/posts"}],"about":[{"href":"https:\/\/www.fjs1970.se\/index.php?rest_route=\/wp\/v2\/types\/post"}],"author":[{"embeddable":true,"href":"https:\/\/www.fjs1970.se\/index.php?rest_route=\/wp\/v2\/users\/1"}],"replies":[{"embeddable":true,"href":"https:\/\/www.fjs1970.se\/index.php?rest_route=%2Fwp%2Fv2%2Fcomments&post=2088"}],"version-history":[{"count":47,"href":"https:\/\/www.fjs1970.se\/index.php?rest_route=\/wp\/v2\/posts\/2088\/revisions"}],"predecessor-version":[{"id":12308,"href":"https:\/\/www.fjs1970.se\/index.php?rest_route=\/wp\/v2\/posts\/2088\/revisions\/12308"}],"wp:attachment":[{"href":"https:\/\/www.fjs1970.se\/index.php?rest_route=%2Fwp%2Fv2%2Fmedia&parent=2088"}],"wp:term":[{"taxonomy":"category","embeddable":true,"href":"https:\/\/www.fjs1970.se\/index.php?rest_route=%2Fwp%2Fv2%2Fcategories&post=2088"},{"taxonomy":"post_tag","embeddable":true,"href":"https:\/\/www.fjs1970.se\/index.php?rest_route=%2Fwp%2Fv2%2Ftags&post=2088"}],"curies":[{"name":"wp","href":"https:\/\/api.w.org\/{rel}","templated":true}]}}