{"id":13605,"date":"2020-12-18T06:27:30","date_gmt":"2020-12-18T05:27:30","guid":{"rendered":"https:\/\/www.fjs1970.se\/?p=13605"},"modified":"2020-12-18T08:31:54","modified_gmt":"2020-12-18T07:31:54","slug":"god-jul-och-gott-nytt-2021","status":"publish","type":"post","link":"https:\/\/www.fjs1970.se\/?p=13605","title":{"rendered":"God Jul och Gott Nytt 2021"},"content":{"rendered":"<p>&nbsp;<\/p>\n<p><img loading=\"lazy\" decoding=\"async\" class=\"aligncenter wp-image-13609\" src=\"https:\/\/www.fjs1970.se\/wp-content\/uploads\/2020\/12\/k1-190311-FJS-2020-19-1.jpg\" alt=\"\" width=\"700\" height=\"718\" srcset=\"https:\/\/www.fjs1970.se\/wp-content\/uploads\/2020\/12\/k1-190311-FJS-2020-19-1.jpg 1800w, https:\/\/www.fjs1970.se\/wp-content\/uploads\/2020\/12\/k1-190311-FJS-2020-19-1-293x300.jpg 293w, https:\/\/www.fjs1970.se\/wp-content\/uploads\/2020\/12\/k1-190311-FJS-2020-19-1-998x1024.jpg 998w, https:\/\/www.fjs1970.se\/wp-content\/uploads\/2020\/12\/k1-190311-FJS-2020-19-1-768x788.jpg 768w, https:\/\/www.fjs1970.se\/wp-content\/uploads\/2020\/12\/k1-190311-FJS-2020-19-1-1498x1536.jpg 1498w\" sizes=\"auto, (max-width: 700px) 100vw, 700px\" \/><\/p>\n<p><span style=\"color: #ffcc99;\">.<\/span><\/p>\n<p><span style=\"color: #ffcc99;\">.<\/span><\/p>\n<h5>B\u00e4ste fallsk\u00e4rmsj\u00e4gare!<\/h5>\n<p>Julen n\u00e4rmar sig. Dagarna \u00e4r korta och m\u00f6rka. Ingen sn\u00f6 eller kyla s\u00e5 h\u00e4r l\u00e5ngt men vackert julpynt ute i samh\u00e4llet ger \u00e4nd\u00e5 en h\u00e4rlig julst\u00e4mning. V\u00e4ttern och Bottensj\u00f6n ligger fortfarande \u00f6ppna.<\/p>\n<p>I l\u00e4gret blommar rosorna och gr\u00e4smattan lyser gr\u00f6n. H\u00f6sten har varit mild i Karlsborg och prognosen fram\u00f6ver ser inte ut att bjuda p\u00e5 n\u00e5gra st\u00f6rre f\u00f6r\u00e4ndringar. \u00c4r naturligtvis avundsjuk p\u00e5 alla er som bor l\u00e4ngre norrut i v\u00e5rt avl\u00e5nga land. Sn\u00f6 och kyla h\u00f6r ju julen till&#8230;<\/p>\n<p><span style=\"color: #ffcc99;\">.<\/span><\/p>\n<p>Pandemin har styrt v\u00e5ra liv under st\u00f6rre delen av det g\u00e5ngna \u00e5ret och m\u00e5nga f\u00f6r\u00e4ndringar har gjorts i v\u00e5r vardag f\u00f6r att minska smittspridningen. \u00c4ven FJS-dag och v\u00e5rt 50-\u00e5rs jubileum fick ju flyttas fram ett \u00e5r. Under v\u00e5ren 2021 kommer arbetsgruppen att informera om uppl\u00e4gget f\u00f6r v\u00e5rt 50-\u00e5rs jubileum p\u00e5 FJS dag 2021.<\/p>\n<p>\u00c4ntligen ser vi ocks\u00e5 ljuset i tunneln. Vaccin \u00e4r p\u00e5 v\u00e4g och f\u00f6rhoppningsvis blir 2021 ett \u00e5r n\u00e4r vi s\u00e5 sakteliga kan b\u00f6rja umg\u00e5s igen. H\u00e5ll i, h\u00e5ll ut, h\u00e5ll avst\u00e5nd s\u00e5 ses vi p\u00e5 FJS-dag i augusti 2021.<\/p>\n<p><span style=\"color: #ffcc99;\">.<\/span><\/p>\n<p>Resultatet f\u00f6r &#8221;Bidrag till hemsidan&#8221; blev utm\u00e4rkt. Vi \u00e4r 58 man som bidrar med 1700 kronor. \u00d6verskottet p\u00e5 613 kronor har vi sk\u00e4nkt till Radiohj\u00e4lpen\/V\u00e4rldens barn. Bra jobbat!<\/p>\n<p><span style=\"color: #ffcc99;\">.<\/span><\/p>\n<p><span style=\"color: #ffcc99;\">.<\/span><\/p>\n<h5>God Jul och Gott Nytt \u00c5r<\/h5>\n<p>Karlsborg den 18 december 2020<\/p>\n<p>201 Svante<\/p>\n<p><span style=\"color: #ffcc99;\">.<\/span><\/p>\n<p><span style=\"color: #ffcc99;\">.<\/span><\/p>\n<p><img loading=\"lazy\" decoding=\"async\" class=\"aligncenter wp-image-1465\" src=\"https:\/\/www.fjs1970.se\/wp-content\/uploads\/2009\/12\/orrhultkreiji.jpg\" alt=\"Orrhult och Krejci\" width=\"711\" height=\"639\" srcset=\"https:\/\/www.fjs1970.se\/wp-content\/uploads\/2009\/12\/orrhultkreiji.jpg 801w, https:\/\/www.fjs1970.se\/wp-content\/uploads\/2009\/12\/orrhultkreiji-300x269.jpg 300w\" sizes=\"auto, (max-width: 711px) 100vw, 711px\" \/><\/p>\n<p><span style=\"color: #ffcc99;\">.<\/span><\/p>\n<p><img loading=\"lazy\" decoding=\"async\" class=\"aligncenter wp-image-3101\" src=\"https:\/\/www.fjs1970.se\/wp-content\/uploads\/2009\/12\/F\u00f6rsta-marsch-med-ryggs\u00e4ck.jpg\" alt=\"\" width=\"711\" height=\"496\" srcset=\"https:\/\/www.fjs1970.se\/wp-content\/uploads\/2009\/12\/F\u00f6rsta-marsch-med-ryggs\u00e4ck.jpg 800w, https:\/\/www.fjs1970.se\/wp-content\/uploads\/2009\/12\/F\u00f6rsta-marsch-med-ryggs\u00e4ck-300x209.jpg 300w\" sizes=\"auto, (max-width: 711px) 100vw, 711px\" \/><\/p>\n<p><span style=\"color: #ffcc99;\">.<\/span><\/p>\n<p><img loading=\"lazy\" decoding=\"async\" class=\"aligncenter size-full wp-image-3830\" src=\"https:\/\/www.fjs1970.se\/wp-content\/uploads\/2010\/04\/Bild-fr\u00e5n-301-6.jpg\" alt=\"\" width=\"602\" height=\"600\" srcset=\"https:\/\/www.fjs1970.se\/wp-content\/uploads\/2010\/04\/Bild-fr\u00e5n-301-6.jpg 602w, https:\/\/www.fjs1970.se\/wp-content\/uploads\/2010\/04\/Bild-fr\u00e5n-301-6-150x150.jpg 150w, https:\/\/www.fjs1970.se\/wp-content\/uploads\/2010\/04\/Bild-fr\u00e5n-301-6-300x299.jpg 300w\" sizes=\"auto, (max-width: 602px) 100vw, 602px\" \/><\/p>\n<p><span style=\"color: #ffcc99;\">.<\/span><\/p>\n<p><span style=\"color: #ffcc99;\">.<\/span><\/p>\n<p style=\"text-align: center;\"><img loading=\"lazy\" decoding=\"async\" class=\"aligncenter size-thumbnail wp-image-5241\" src=\"https:\/\/www.fjs1970.se\/wp-content\/uploads\/2010\/06\/FJS-m\u00e4rke1-150x150.jpg\" alt=\"\" width=\"150\" height=\"150\" \/><\/p>\n<h1 style=\"text-align: center;\">\u25ca<\/h1>\n","protected":false},"excerpt":{"rendered":"<p>&nbsp; . . B\u00e4ste fallsk\u00e4rmsj\u00e4gare! Julen n\u00e4rmar sig. Dagarna \u00e4r korta och m\u00f6rka. Ingen sn\u00f6 eller kyla s\u00e5 h\u00e4r l\u00e5ngt men vackert julpynt ute i samh\u00e4llet ger \u00e4nd\u00e5 en h\u00e4rlig julst\u00e4mning. V\u00e4ttern och Bottensj\u00f6n ligger fortfarande \u00f6ppna. I l\u00e4gret blommar rosorna och gr\u00e4smattan lyser gr\u00f6n. H\u00f6sten har varit mild i Karlsborg och prognosen fram\u00f6ver ser [&hellip;]<\/p>\n","protected":false},"author":1,"featured_media":0,"comment_status":"closed","ping_status":"closed","sticky":false,"template":"","format":"standard","meta":{"footnotes":""},"categories":[9],"tags":[6,5],"class_list":["post-13605","post","type-post","status-publish","format-standard","hentry","category-fjs-och-fallskarmsjagarna","tag-fallskarmsjagare","tag-fjs"],"_links":{"self":[{"href":"https:\/\/www.fjs1970.se\/index.php?rest_route=\/wp\/v2\/posts\/13605","targetHints":{"allow":["GET"]}}],"collection":[{"href":"https:\/\/www.fjs1970.se\/index.php?rest_route=\/wp\/v2\/posts"}],"about":[{"href":"https:\/\/www.fjs1970.se\/index.php?rest_route=\/wp\/v2\/types\/post"}],"author":[{"embeddable":true,"href":"https:\/\/www.fjs1970.se\/index.php?rest_route=\/wp\/v2\/users\/1"}],"replies":[{"embeddable":true,"href":"https:\/\/www.fjs1970.se\/index.php?rest_route=%2Fwp%2Fv2%2Fcomments&post=13605"}],"version-history":[{"count":31,"href":"https:\/\/www.fjs1970.se\/index.php?rest_route=\/wp\/v2\/posts\/13605\/revisions"}],"predecessor-version":[{"id":13639,"href":"https:\/\/www.fjs1970.se\/index.php?rest_route=\/wp\/v2\/posts\/13605\/revisions\/13639"}],"wp:attachment":[{"href":"https:\/\/www.fjs1970.se\/index.php?rest_route=%2Fwp%2Fv2%2Fmedia&parent=13605"}],"wp:term":[{"taxonomy":"category","embeddable":true,"href":"https:\/\/www.fjs1970.se\/index.php?rest_route=%2Fwp%2Fv2%2Fcategories&post=13605"},{"taxonomy":"post_tag","embeddable":true,"href":"https:\/\/www.fjs1970.se\/index.php?rest_route=%2Fwp%2Fv2%2Ftags&post=13605"}],"curies":[{"name":"wp","href":"https:\/\/api.w.org\/{rel}","templated":true}]}}