{"id":13577,"date":"2020-05-17T18:52:13","date_gmt":"2020-05-17T16:52:13","guid":{"rendered":"https:\/\/www.fjs1970.se\/?p=13577"},"modified":"2020-05-17T18:56:18","modified_gmt":"2020-05-17T16:56:18","slug":"vart-50-ars-jubileum-ar-flyttat-till-fjs-dag-2021","status":"publish","type":"post","link":"https:\/\/www.fjs1970.se\/?p=13577","title":{"rendered":"V\u00e5rt 50-\u00e5rs jubileum \u00e4r flyttat till FJS-dag 2021"},"content":{"rendered":"<p><img loading=\"lazy\" decoding=\"async\" class=\"aligncenter size-full wp-image-1530\" src=\"https:\/\/www.fjs1970.se\/wp-content\/uploads\/2009\/12\/6901a-L\u00e4gret.jpg\" alt=\"\" width=\"640\" height=\"390\" srcset=\"https:\/\/www.fjs1970.se\/wp-content\/uploads\/2009\/12\/6901a-L\u00e4gret.jpg 640w, https:\/\/www.fjs1970.se\/wp-content\/uploads\/2009\/12\/6901a-L\u00e4gret-300x182.jpg 300w\" sizes=\"auto, (max-width: 640px) 100vw, 640px\" \/><\/p>\n<p><span style=\"color: #ffcc99;\">.<\/span><\/p>\n<p><span style=\"color: #ffcc99;\">.<\/span><\/p>\n<h5>Information till alla FJS 70-71 som anm\u00e4lt intresse att komma till v\u00e5rt planerade 50-\u00e5rs jubileum den 21-23 augusti 2020<\/h5>\n<p><span style=\"color: #ffcc99;\">.<\/span><\/p>\n<p><strong>V\u00e5rt planerade 50-\u00e5rs jubileum i augusti 2020 st\u00e4lls in<\/strong>, fr\u00e4mst mot bakgrund av nuvarande anvisningar och prognoser fr\u00e5n Folkh\u00e4lsomyndigheten g\u00e4llande Corona\/Covid-19. Som m\u00e5nga nog k\u00e4nner till \u00e4r FJS-dag i augusti 2020 ocks\u00e5 inst\u00e4llt.<\/p>\n<p>Vi inom planeringsgruppen, och s\u00e4kert m\u00e5nga av er som anm\u00e4lt intresse av att delta, har nog k\u00e4nt att oddsen f\u00f6r genomf\u00f6rande av v\u00e5rt jubileum 2020 har minskat allt mer efter hand som veckorna g\u00e5tt. Utifr\u00e5n ovanst\u00e5ende har v\u00e5rt beslut, att ej genomf\u00f6ra v\u00e5rt jubileum i augusti 2020, varit enkelt och sj\u00e4lvklart att ta. Sj\u00e4lvklart tar vi alla FJS 70-71 nya tag och siktar p\u00e5 att fira v\u00e5rt 50-\u00e5rs jubileum under FJS dag i augusti 2021 (egentligen 51-\u00e5rs jubileum efter inryckning och 50-\u00e5rsjubileum efter muck). Tidigare prelimin\u00e4r bokning av boende (Karlsborgs Vandrarhem B&amp;B) och gemensam festmiddag \u00e4r framflyttad till v\u00e5ra jubileumsdagar i augusti 2021.<\/p>\n<p>Inom planeringsgruppen hoppas vi och tror att alla som tidigare anm\u00e4lt intresse att delta i augusti 2020 kvarst\u00e5r med sin respektive intresseanm\u00e4lan att komma p\u00e5 50-\u00e5rsjubileum f\u00f6r FJS 70-71 under FJS dag i augusti 2021 (prelimin\u00e4rt 20-22\/8). \u201dVilja, mod, uth\u00e5llighet\u201d g\u00e4ller fortfarande och vi hoppas att det blir minst lika bra uppslutning som hittills att tr\u00e4ffa varandra och umg\u00e5s under gemytliga former. Vi har s\u00e4kert mycket att prata om och ber\u00e4tta f\u00f6r varandra d\u00e5 m\u00e5nga av oss ej tr\u00e4ffats efter muck 1971.<\/p>\n<p>Om n\u00e5gon f\u00e5r f\u00f6rhinder eller av annan anledning vill avboka sin intresseanm\u00e4lan att delta p\u00e5 FJS 70-71 jubileum i augusti 2021 ombeds ni att maila eller p\u00e5 annat s\u00e4tt meddela detta till n\u00e5gon av oss i planeringsgruppen.<\/p>\n<p>Vi \u00e5terkommer efter hand med mer information g\u00e4llande planering och genomf\u00f6rande av v\u00e5rt jubileum i augusti 2021 h\u00e4r p\u00e5 v\u00e5r hemsida. Maila eller ring g\u00e4rna om ni har fr\u00e5gor, synpunkter mm p\u00e5 v\u00e5rt 50-\u00e5rs jubileum.<\/p>\n<p>Trots att det k\u00e4nns trist att vi ej kan tr\u00e4ffas och fira v\u00e5rt 50-\u00e5rsjubileum i \u00e5r som vi tidigare planerat lyfter vi nu blicken, \u201dh\u00e5ller grytan kokande\u201d och ser fram emot att vi tr\u00e4ffas i Karlsborg i augusti 2021. Hoppas att alla \u00e4r friska och har h\u00e4lsan i beh\u00e5ll b\u00e5de nu och fram\u00f6ver. Avslutningsvis \u00f6nskar vi er alla en trevlig och avkopplande sommar.<\/p>\n<p><span style=\"color: #ffcc99;\">.<\/span><\/p>\n<h5>F\u00f6r planeringsgruppen 50-\u00e5rs jubileum FJS 70-71<\/h5>\n<p>Kristianstad den 17 maj 2020<\/p>\n<p>101 Bertil<\/p>\n<p>bertil.wildt@gmail.com<\/p>\n<p>&nbsp;<\/p>\n<p>320 Cenneth Jubileumssamordnare<\/p>\n<p>cenn1@me.com<\/p>\n<p><span style=\"color: #ffcc99;\">.<\/span><\/p>\n<p><span style=\"color: #ffcc99;\">.<\/span><\/p>\n<p style=\"text-align: center;\">\u2666<\/p>\n<p><img loading=\"lazy\" decoding=\"async\" class=\"aligncenter size-full wp-image-1460\" src=\"https:\/\/www.fjs1970.se\/wp-content\/uploads\/2009\/12\/1a-Pluton-tidig-uppst\u00e4llning.jpg\" alt=\"1a Pluton tidig uppst\u00e4llning\" width=\"790\" height=\"467\" srcset=\"https:\/\/www.fjs1970.se\/wp-content\/uploads\/2009\/12\/1a-Pluton-tidig-uppst\u00e4llning.jpg 790w, https:\/\/www.fjs1970.se\/wp-content\/uploads\/2009\/12\/1a-Pluton-tidig-uppst\u00e4llning-300x177.jpg 300w\" sizes=\"auto, (max-width: 790px) 100vw, 790px\" \/><\/p>\n<p>&nbsp;<\/p>\n<p><span style=\"color: #ffcc99;\">.<\/span><\/p>\n<p><img loading=\"lazy\" decoding=\"async\" class=\"aligncenter size-full wp-image-282\" src=\"https:\/\/www.fjs1970.se\/wp-content\/uploads\/2009\/12\/FJS-Bild-4.jpg\" alt=\"Andra pluton i Kiruna\" width=\"640\" height=\"440\" srcset=\"https:\/\/www.fjs1970.se\/wp-content\/uploads\/2009\/12\/FJS-Bild-4.jpg 640w, https:\/\/www.fjs1970.se\/wp-content\/uploads\/2009\/12\/FJS-Bild-4-300x206.jpg 300w\" sizes=\"auto, (max-width: 640px) 100vw, 640px\" \/><\/p>\n<p><span style=\"color: #ffcc99;\">.<\/span><\/p>\n<p><img loading=\"lazy\" decoding=\"async\" class=\"aligncenter size-full wp-image-1558\" src=\"https:\/\/www.fjs1970.se\/wp-content\/uploads\/2009\/12\/Krancher.jpg\" alt=\"\" width=\"389\" height=\"516\" srcset=\"https:\/\/www.fjs1970.se\/wp-content\/uploads\/2009\/12\/Krancher.jpg 389w, https:\/\/www.fjs1970.se\/wp-content\/uploads\/2009\/12\/Krancher-226x300.jpg 226w\" sizes=\"auto, (max-width: 389px) 100vw, 389px\" \/><\/p>\n<p><span style=\"color: #ffcc99;\">.<\/span><\/p>\n<p><span style=\"color: #ffcc99;\">.<\/span><\/p>\n<p style=\"text-align: center;\"><img loading=\"lazy\" decoding=\"async\" class=\"aligncenter size-thumbnail wp-image-5241\" src=\"https:\/\/www.fjs1970.se\/wp-content\/uploads\/2010\/06\/FJS-m\u00e4rke1-150x150.jpg\" alt=\"\" width=\"150\" height=\"150\" \/><\/p>\n<h1 style=\"text-align: center;\">\u25ca<\/h1>\n","protected":false},"excerpt":{"rendered":"<p>. . Information till alla FJS 70-71 som anm\u00e4lt intresse att komma till v\u00e5rt planerade 50-\u00e5rs jubileum den 21-23 augusti 2020 . V\u00e5rt planerade 50-\u00e5rs jubileum i augusti 2020 st\u00e4lls in, fr\u00e4mst mot bakgrund av nuvarande anvisningar och prognoser fr\u00e5n Folkh\u00e4lsomyndigheten g\u00e4llande Corona\/Covid-19. Som m\u00e5nga nog k\u00e4nner till \u00e4r FJS-dag i augusti 2020 ocks\u00e5 inst\u00e4llt. [&hellip;]<\/p>\n","protected":false},"author":1,"featured_media":0,"comment_status":"closed","ping_status":"closed","sticky":false,"template":"","format":"standard","meta":{"footnotes":""},"categories":[9],"tags":[6,5],"class_list":["post-13577","post","type-post","status-publish","format-standard","hentry","category-fjs-och-fallskarmsjagarna","tag-fallskarmsjagare","tag-fjs"],"_links":{"self":[{"href":"https:\/\/www.fjs1970.se\/index.php?rest_route=\/wp\/v2\/posts\/13577","targetHints":{"allow":["GET"]}}],"collection":[{"href":"https:\/\/www.fjs1970.se\/index.php?rest_route=\/wp\/v2\/posts"}],"about":[{"href":"https:\/\/www.fjs1970.se\/index.php?rest_route=\/wp\/v2\/types\/post"}],"author":[{"embeddable":true,"href":"https:\/\/www.fjs1970.se\/index.php?rest_route=\/wp\/v2\/users\/1"}],"replies":[{"embeddable":true,"href":"https:\/\/www.fjs1970.se\/index.php?rest_route=%2Fwp%2Fv2%2Fcomments&post=13577"}],"version-history":[{"count":15,"href":"https:\/\/www.fjs1970.se\/index.php?rest_route=\/wp\/v2\/posts\/13577\/revisions"}],"predecessor-version":[{"id":13592,"href":"https:\/\/www.fjs1970.se\/index.php?rest_route=\/wp\/v2\/posts\/13577\/revisions\/13592"}],"wp:attachment":[{"href":"https:\/\/www.fjs1970.se\/index.php?rest_route=%2Fwp%2Fv2%2Fmedia&parent=13577"}],"wp:term":[{"taxonomy":"category","embeddable":true,"href":"https:\/\/www.fjs1970.se\/index.php?rest_route=%2Fwp%2Fv2%2Fcategories&post=13577"},{"taxonomy":"post_tag","embeddable":true,"href":"https:\/\/www.fjs1970.se\/index.php?rest_route=%2Fwp%2Fv2%2Ftags&post=13577"}],"curies":[{"name":"wp","href":"https:\/\/api.w.org\/{rel}","templated":true}]}}