{"id":13427,"date":"2019-12-13T06:15:11","date_gmt":"2019-12-13T05:15:11","guid":{"rendered":"http:\/\/www.fjs1970.se\/?p=13427"},"modified":"2019-12-20T05:18:01","modified_gmt":"2019-12-20T04:18:01","slug":"god-jul-och-gott-nytt-2020","status":"publish","type":"post","link":"https:\/\/www.fjs1970.se\/?p=13427","title":{"rendered":"GOD JUL och GOTT NYTT 2020"},"content":{"rendered":"<p>&nbsp;<\/p>\n<p><img loading=\"lazy\" decoding=\"async\" class=\"aligncenter wp-image-13496\" src=\"http:\/\/www.fjs1970.se\/wp-content\/uploads\/2019\/12\/FJS-2019-stures\u00f6rn-1024x1024.jpg\" alt=\"\" width=\"712\" height=\"712\" srcset=\"https:\/\/www.fjs1970.se\/wp-content\/uploads\/2019\/12\/FJS-2019-stures\u00f6rn-1024x1024.jpg 1024w, https:\/\/www.fjs1970.se\/wp-content\/uploads\/2019\/12\/FJS-2019-stures\u00f6rn-300x300.jpg 300w, https:\/\/www.fjs1970.se\/wp-content\/uploads\/2019\/12\/FJS-2019-stures\u00f6rn-150x150.jpg 150w, https:\/\/www.fjs1970.se\/wp-content\/uploads\/2019\/12\/FJS-2019-stures\u00f6rn-768x768.jpg 768w, https:\/\/www.fjs1970.se\/wp-content\/uploads\/2019\/12\/FJS-2019-stures\u00f6rn.jpg 1280w\" sizes=\"auto, (max-width: 712px) 100vw, 712px\" \/><\/p>\n<p><span style=\"color: #ffcc99;\">.<\/span><\/p>\n<p><span style=\"color: #ffcc99;\">.<\/span><\/p>\n<h5>B\u00e4ste fallsk\u00e4rmsj\u00e4gare!<\/h5>\n<p>Julen nalkas och efter en regnig, m\u00f6rk och bl\u00e5sig h\u00f6st k\u00e4nns det gott med ljus, glitter och tomtar. V\u00e4dret f\u00e5r g\u00e4rna bjuda p\u00e5 mer sn\u00f6 och kyla men dom vita jularnas tid i delar av Sverige blir dessv\u00e4rre alltmer s\u00e4llsynta. F\u00f6rhoppningsvis kommer kloka vetenskapsm\u00e4n och modiga beslutsfattare att stoppa den allvarliga trenden. \u00c4ven framtida fallsk\u00e4rmsj\u00e4gare ska f\u00e5 uppleva en frisk h\u00e4rlig vinterkyla&#8230;och vi gl\u00f6mmer aldrig v\u00e5r februarinatt 1971 p\u00e5 en myr i \u00d6vre Lappland n\u00e4r temperaturen f\u00f6ll till minus 47 grader&#8230;<\/p>\n<p>\u00c5rets vinterresa f\u00f6r min del blir geografiskt kort men hyfsat l\u00e5ng tidsm\u00e4ssigt. Jag har f\u00e5tt tillg\u00e5ng till ett litet krypin i centrala Stockholm s\u00e5 mina planer \u00e4r att tillbringa n\u00e5gra m\u00e5nader med att utforska v\u00e5r vackra huvudstad. Sp\u00e4nnande!<\/p>\n<p>Resultatet f\u00f6r \u201dBidrag till hemsidan\u201d blev bra. Vi \u00e4r 57 man som bidrar med 1980 kronor och \u00f6verskottet p\u00e5 893 kronor har vi sk\u00e4nkt till Radiohj\u00e4lpen \u201dV\u00e4rldens Barn\u201d. G\u00f6tt jobbat!<\/p>\n<p>Arbetsgruppen f\u00f6r v\u00e5rt 50 \u00e5rsjubileum p\u00e5 FJS dag 2020 \u00e4r i full verksamhet. Jubileumsamordnare 315 Cenneth har f\u00f6rutom stf. jubileumsamordnare 101 Bertil vid sin sida ocks\u00e5 218 Nille och 201 Svante som middags-arrang\u00f6rer, 301 Leif och 304 Lars som logi-arrang\u00f6rer och 344 Nisse som programansvarig.<\/p>\n<p>L\u00e4ngre ner h\u00e4r p\u00e5 hemsidan f\u00f6ljer en rapport fr\u00e5n 101 Bertil!<\/p>\n<p>&nbsp;<\/p>\n<h5>Med \u00f6nskan om en God Jul och Ett Gott Nytt 2020<\/h5>\n<p>Stockholm den 13 december 2019<\/p>\n<p>201 Svante<\/p>\n<p>&nbsp;<\/p>\n<p style=\"text-align: center;\">\u2666<\/p>\n<p>&nbsp;<\/p>\n<h5>Rapport fr\u00e5n 101 Bertil&#8230;<\/h5>\n<p><span style=\"color: #ffcc99;\">.<\/span><\/p>\n<p>HEJ alla &#8221;FJS 70-71are&#8221;<\/p>\n<p>&#8230;och tack f\u00f6r alla mail och telefonsamtal mm g\u00e4llande intresse att delta p\u00e5 v\u00e5rt 50-\u00e5rs jubileum i Karlsborg.<\/p>\n<p>Mycket gl\u00e4djande att redan s\u00e5 m\u00e5nga \u00e4r intresserade att vara med att fira v\u00e5rt 50-\u00e5rsjubileum p\u00e5 helgen under FJS dag, fredag 21 aug &#8211; s\u00f6ndag 23 aug 2020. Jag och \u00f6vriga i arbetsgruppen f\u00f6r v\u00e5rt jubileum ser mycket fram emot att tr\u00e4ffa alla er som d\u00e5 kommer till Karlsborg. Det har &#8221;runnit mycket vatten under broarna&#8221; sedan de flesta av oss tr\u00e4ffades senast s\u00e5 nu \u00e4r det verkligen dags att vi \u00e5terf\u00f6renas igen f\u00f6r att ha en trevlig och minnesv\u00e4rd stund tillsammans under gemytliga former. F\u00f6r k\u00e4nnedom bifogas (mail) namnlista p\u00e5 de 53 st + 11 av v\u00e5ra bef\u00e4l som hittills har meddelat intresse att komma till v\u00e5rt 50-\u00e5rs jubileum med tillh\u00f6rande jubileumsmiddag.<\/p>\n<p>Under v\u00e5r middag tillsammans kommer 218 Nils (\u201dNille\u201d) att inta rollen som toastmaster. Det skulle vara trevligt om m\u00e5nga under middagen har n\u00e5gon sann eller osannolik historia att ber\u00e4tta om sig sj\u00e4lv eller n\u00e5gon annan. Eller varf\u00f6r inte sjunga eller g\u00f6ra en bak\u00e5tlandning eller dylikt. Alla som vill utf\u00f6ra n\u00e5gon\/n\u00e5gra av de n\u00e4mnda &#8221;aktiviteterna&#8221; anmodas att meddela toastmaster Nils i god tid f\u00f6re middagen s\u00e5 att han kan organisera detta p\u00e5 b\u00e4sta s\u00e4tt f\u00f6r allas trevnad.<\/p>\n<p>Ta g\u00e4rna kontakt med andra FJS 70-71-are som \u00e4nnu ej har anm\u00e4lt intresse att komma och tr\u00e4ffa oss \u00f6vriga i augusti 2020. Sj\u00e4lvklart vill vi alla att vi blir s\u00e5 m\u00e5nga som m\u00f6jligt som tr\u00e4ffas d\u00e5.<\/p>\n<p>Efter hand som listan f\u00f6r intresseanm\u00e4lan f\u00f6rhoppningsvis fylls p\u00e5 med namn, kommer ni att f\u00e5 en uppdaterad version av listan p\u00e5 mail. Bindande anm\u00e4lan om deltagande p\u00e5 v\u00e5rt 50-\u00e5rsjubileum beh\u00f6ver vi f\u00e5 under v\u00e5ren 2020. Datum f\u00f6r dette meddelas senare. Kontakta g\u00e4rna n\u00e5gon av oss i arbetsgruppen (se bifogad lista i mail) om ni har n\u00e5gra fr\u00e5gor, funderingar eller f\u00f6rslag.<\/p>\n<p>Jag \u00e4r \u00f6vertygad om att alla med gl\u00e4dje ser fram emot ett \u00e5terf\u00f6renande av pigga FJS 70-71are, 50 \u00e5r efter inryckning.<\/p>\n<p>&nbsp;<\/p>\n<h5>V\u00e4l m\u00f6tt i augusti 2020 i Karlsborg,<\/h5>\n<p>Kristianstad i december 2019<\/p>\n<p>Bertil (101)<\/p>\n<p>&nbsp;<\/p>\n<p style=\"text-align: center;\">\u2666<\/p>\n<p><span style=\"color: #ffcc99;\">.<\/span><\/p>\n<p><img loading=\"lazy\" decoding=\"async\" class=\"aligncenter wp-image-1530\" src=\"http:\/\/www.fjs1970.se\/wp-content\/uploads\/2009\/12\/6901a-L\u00e4gret.jpg\" alt=\"\" width=\"643\" height=\"392\" srcset=\"https:\/\/www.fjs1970.se\/wp-content\/uploads\/2009\/12\/6901a-L\u00e4gret.jpg 640w, https:\/\/www.fjs1970.se\/wp-content\/uploads\/2009\/12\/6901a-L\u00e4gret-300x182.jpg 300w\" sizes=\"auto, (max-width: 643px) 100vw, 643px\" \/><\/p>\n<p>&nbsp;<\/p>\n<p><img loading=\"lazy\" decoding=\"async\" class=\"aligncenter wp-image-3869\" src=\"http:\/\/www.fjs1970.se\/wp-content\/uploads\/2009\/12\/Bild-fr\u00e5n-301-17.jpg\" alt=\"\" width=\"744\" height=\"555\" srcset=\"https:\/\/www.fjs1970.se\/wp-content\/uploads\/2009\/12\/Bild-fr\u00e5n-301-17.jpg 800w, https:\/\/www.fjs1970.se\/wp-content\/uploads\/2009\/12\/Bild-fr\u00e5n-301-17-300x223.jpg 300w\" sizes=\"auto, (max-width: 744px) 100vw, 744px\" \/><\/p>\n<p><img loading=\"lazy\" decoding=\"async\" class=\"aligncenter size-full wp-image-1540\" src=\"http:\/\/www.fjs1970.se\/wp-content\/uploads\/2009\/12\/Flugebyn.jpg\" alt=\"\" width=\"387\" height=\"516\" srcset=\"https:\/\/www.fjs1970.se\/wp-content\/uploads\/2009\/12\/Flugebyn.jpg 387w, https:\/\/www.fjs1970.se\/wp-content\/uploads\/2009\/12\/Flugebyn-225x300.jpg 225w\" sizes=\"auto, (max-width: 387px) 100vw, 387px\" \/><\/p>\n<p><img loading=\"lazy\" decoding=\"async\" class=\"aligncenter size-full wp-image-1529\" src=\"http:\/\/www.fjs1970.se\/wp-content\/uploads\/2009\/12\/3-veckors-\u00f6verlevnad.jpg\" alt=\"\" width=\"640\" height=\"476\" srcset=\"https:\/\/www.fjs1970.se\/wp-content\/uploads\/2009\/12\/3-veckors-\u00f6verlevnad.jpg 640w, https:\/\/www.fjs1970.se\/wp-content\/uploads\/2009\/12\/3-veckors-\u00f6verlevnad-300x223.jpg 300w\" sizes=\"auto, (max-width: 640px) 100vw, 640px\" \/><\/p>\n<p><img loading=\"lazy\" decoding=\"async\" class=\"aligncenter size-full wp-image-281\" src=\"http:\/\/www.fjs1970.se\/wp-content\/uploads\/2009\/12\/FJS-Bild-3.jpg\" alt=\"Larsson, G\u00f6thner, Karlsson, Larsson och Oppenheim\" width=\"640\" height=\"477\" srcset=\"https:\/\/www.fjs1970.se\/wp-content\/uploads\/2009\/12\/FJS-Bild-3.jpg 640w, https:\/\/www.fjs1970.se\/wp-content\/uploads\/2009\/12\/FJS-Bild-3-300x223.jpg 300w\" sizes=\"auto, (max-width: 640px) 100vw, 640px\" \/><\/p>\n<p><img loading=\"lazy\" decoding=\"async\" class=\"aligncenter wp-image-9473\" src=\"http:\/\/www.fjs1970.se\/wp-content\/uploads\/2011\/09\/PICT1221.jpg\" alt=\"\" width=\"743\" height=\"559\" srcset=\"https:\/\/www.fjs1970.se\/wp-content\/uploads\/2011\/09\/PICT1221.jpg 1280w, https:\/\/www.fjs1970.se\/wp-content\/uploads\/2011\/09\/PICT1221-300x225.jpg 300w, https:\/\/www.fjs1970.se\/wp-content\/uploads\/2011\/09\/PICT1221-1024x771.jpg 1024w\" sizes=\"auto, (max-width: 743px) 100vw, 743px\" \/><\/p>\n<p>&nbsp;<\/p>\n<p style=\"text-align: center;\"><img loading=\"lazy\" decoding=\"async\" class=\"aligncenter size-thumbnail wp-image-5241\" src=\"http:\/\/www.fjs1970.se\/wp-content\/uploads\/2010\/06\/FJS-m\u00e4rke1-150x150.jpg\" alt=\"\" width=\"150\" height=\"150\" \/><\/p>\n<h1 style=\"text-align: center;\">\u25ca<\/h1>\n","protected":false},"excerpt":{"rendered":"<p>&nbsp; . . B\u00e4ste fallsk\u00e4rmsj\u00e4gare! Julen nalkas och efter en regnig, m\u00f6rk och bl\u00e5sig h\u00f6st k\u00e4nns det gott med ljus, glitter och tomtar. V\u00e4dret f\u00e5r g\u00e4rna bjuda p\u00e5 mer sn\u00f6 och kyla men dom vita jularnas tid i delar av Sverige blir dessv\u00e4rre alltmer s\u00e4llsynta. F\u00f6rhoppningsvis kommer kloka vetenskapsm\u00e4n och modiga beslutsfattare att stoppa den [&hellip;]<\/p>\n","protected":false},"author":1,"featured_media":0,"comment_status":"closed","ping_status":"closed","sticky":false,"template":"","format":"standard","meta":{"footnotes":""},"categories":[9],"tags":[6,5],"class_list":["post-13427","post","type-post","status-publish","format-standard","hentry","category-fjs-och-fallskarmsjagarna","tag-fallskarmsjagare","tag-fjs"],"_links":{"self":[{"href":"https:\/\/www.fjs1970.se\/index.php?rest_route=\/wp\/v2\/posts\/13427","targetHints":{"allow":["GET"]}}],"collection":[{"href":"https:\/\/www.fjs1970.se\/index.php?rest_route=\/wp\/v2\/posts"}],"about":[{"href":"https:\/\/www.fjs1970.se\/index.php?rest_route=\/wp\/v2\/types\/post"}],"author":[{"embeddable":true,"href":"https:\/\/www.fjs1970.se\/index.php?rest_route=\/wp\/v2\/users\/1"}],"replies":[{"embeddable":true,"href":"https:\/\/www.fjs1970.se\/index.php?rest_route=%2Fwp%2Fv2%2Fcomments&post=13427"}],"version-history":[{"count":69,"href":"https:\/\/www.fjs1970.se\/index.php?rest_route=\/wp\/v2\/posts\/13427\/revisions"}],"predecessor-version":[{"id":13501,"href":"https:\/\/www.fjs1970.se\/index.php?rest_route=\/wp\/v2\/posts\/13427\/revisions\/13501"}],"wp:attachment":[{"href":"https:\/\/www.fjs1970.se\/index.php?rest_route=%2Fwp%2Fv2%2Fmedia&parent=13427"}],"wp:term":[{"taxonomy":"category","embeddable":true,"href":"https:\/\/www.fjs1970.se\/index.php?rest_route=%2Fwp%2Fv2%2Fcategories&post=13427"},{"taxonomy":"post_tag","embeddable":true,"href":"https:\/\/www.fjs1970.se\/index.php?rest_route=%2Fwp%2Fv2%2Ftags&post=13427"}],"curies":[{"name":"wp","href":"https:\/\/api.w.org\/{rel}","templated":true}]}}