{"id":13059,"date":"2017-08-21T22:03:23","date_gmt":"2017-08-21T20:03:23","guid":{"rendered":"http:\/\/www.fjs1970.se\/?p=13059"},"modified":"2017-08-22T17:16:43","modified_gmt":"2017-08-22T15:16:43","slug":"fjs-dag-2017","status":"publish","type":"post","link":"https:\/\/www.fjs1970.se\/?p=13059","title":{"rendered":"FJS-dag 2017"},"content":{"rendered":"<div id=\"attachment_13060\" style=\"width: 750px\" class=\"wp-caption aligncenter\"><img loading=\"lazy\" decoding=\"async\" aria-describedby=\"caption-attachment-13060\" class=\"wp-image-13060\" src=\"http:\/\/www.fjs1970.se\/wp-content\/uploads\/2017\/08\/FJS-dag-2017-08-1024x768.jpg\" alt=\"\" width=\"740\" height=\"555\" srcset=\"https:\/\/www.fjs1970.se\/wp-content\/uploads\/2017\/08\/FJS-dag-2017-08-1024x768.jpg 1024w, https:\/\/www.fjs1970.se\/wp-content\/uploads\/2017\/08\/FJS-dag-2017-08-300x225.jpg 300w, https:\/\/www.fjs1970.se\/wp-content\/uploads\/2017\/08\/FJS-dag-2017-08-768x576.jpg 768w, https:\/\/www.fjs1970.se\/wp-content\/uploads\/2017\/08\/FJS-dag-2017-08.jpg 1280w\" sizes=\"auto, (max-width: 740px) 100vw, 740px\" \/><p id=\"caption-attachment-13060\" class=\"wp-caption-text\">N\u00e4rvarande i L\u00e4gret fr\u00e5n v\u00e5r \u00e5rskurs var 101 Bertil, 304 Lars, 201 Svante och 136 Torkel<\/p><\/div>\n<p><span style=\"color: #ffcc99;\">.<\/span><\/p>\n<p><span style=\"color: #ffcc99;\">.<\/span><\/p>\n<h5>B\u00e4ste fallsk\u00e4rmsj\u00e4gare!<\/h5>\n<p>\u00c5rets FJS-dag hade ett trevligt och digert program. L\u00f6rdagen var fylld med aktiviteter fr\u00e5n tidig f\u00f6rmiddag till sena kv\u00e4llen med bl. a f\u00f6revisning i hopphallen, hoppning p\u00e5 Flugebyn, hopp fr\u00e5n hopptornet, f\u00f6redrag och \u00e5rsm\u00f6te p\u00e5 eftermiddagen och p\u00e5 kv\u00e4llen uppst\u00e4llning och mingel i v\u00e5rt \u201dk\u00e4ra gamla l\u00e4ger\u201d.<\/p>\n<p>Halv elva m\u00f6tte jag upp 136 Torkel p\u00e5 Flugebyn\u2026 och en stund senare siktades ocks\u00e5 101 Bertil.\u00a0Vi tr\u00e4ffade Urban Samuelsson, son till Britt och Sam, och naturligtvis blev det snack om den dramatiska h\u00e4ndelsen vid hoppningen p\u00e5 Flugebyn FJS-dag 1970. Rustm\u00e4stare Krancher gjorde en felbed\u00f6mning och landade i Britts barnvagn d\u00e4r n\u00e5gra m\u00e5nader gamla Urban l\u00e5g. Katastrofen var ett faktum men som v\u00e4l var s\u00e5 fanns trygge doktor Holmstr\u00f6m tillhanda och l\u00f6ste situationen. Urban har inga men eller minnen av h\u00e4ndelsen och n\u00e5gra minnen har inte jag heller men Britt har ber\u00e4ttat historien med h\u00e4rlig inlevelse s\u00e5 dramatiken n\u00e4r det h\u00e4nde tror jag var p\u00e5taglig.<\/p>\n<p>Idag bra v\u00e4der, om \u00e4n n\u00e5got lynniga vindar, vilket ocks\u00e5 resulterade i ett par tr\u00e4dlandningar\u2026dock utan skador. Materiel f\u00f6r dagens fallsk\u00e4rmsj\u00e4gare f\u00f6revisades, f\u00e4llning av trupp med rundkalott, eldstrid p\u00e5 f\u00e4ltet, hopp med fyrkantssk\u00e4rm och r\u00f6k fr\u00e5n h\u00f6gre h\u00f6jd samt n\u00e5gra tandemhopp.\u00a0Som avslutning kom C 130 Hercules inflygande strax \u00f6ver tr\u00e4dtopparna. En m\u00e4ktigt syn och ljudupplevelse. N\u00f6jda och bel\u00e5tna med triggade minnen \u00e5terv\u00e4nde vi mot Karlsborg.<\/p>\n<p>Uppst\u00e4llningen i l\u00e4gret klockan 19.00 d\u00e4r vi var fyra n\u00e4rvarande fr\u00e5n v\u00e5r \u00e5rg\u00e5ng. 101 Bertil, 136 Torkel, 304 Edgren och jag sj\u00e4lv. D\u00e4refter hamburgare, pilsner och mycket tj\u00f6t i en, som alltid, lika varm och h\u00e4rlig st\u00e4mning. K\u00e4nda bef\u00e4l i vimlet fr\u00e5n 70\/71 var Rolf K\u00e4ck, Bengt Persson, Calle Lago-L., doktor Anders Holmstr\u00f6m, Roland Johansson\u2026och s\u00e4kert n\u00e5gra till.<\/p>\n<p><span style=\"color: #ffcc99;\">.<\/span><\/p>\n<p>Med f\u00f6rhoppning om en vacker och fin h\u00f6st,<\/p>\n<p>Karlsborg den 21 augusti 2017<\/p>\n<p>201 Svante<\/p>\n<p><span style=\"color: #ffcc99;\">.<\/span><\/p>\n<p><span style=\"color: #ffcc99;\">.<\/span><\/p>\n<h5>Fr\u00e5n djupet av v\u00e5r hemsida kommer h\u00e4r n\u00e5gra l\u00e4sv\u00e4rda h\u00e4ndelser fr\u00e5n 70\/71<\/h5>\n<p><span style=\"color: #ffcc99;\">.<\/span><\/p>\n<p><img loading=\"lazy\" decoding=\"async\" class=\"aligncenter size-full wp-image-2896\" src=\"http:\/\/www.fjs1970.se\/wp-content\/uploads\/2010\/03\/Falska-tian.jpg\" alt=\"\" width=\"428\" height=\"646\" srcset=\"https:\/\/www.fjs1970.se\/wp-content\/uploads\/2010\/03\/Falska-tian.jpg 428w, https:\/\/www.fjs1970.se\/wp-content\/uploads\/2010\/03\/Falska-tian-198x300.jpg 198w\" sizes=\"auto, (max-width: 428px) 100vw, 428px\" \/><\/p>\n<p><span style=\"color: #ffcc99;\">.<\/span><\/p>\n<p style=\"text-align: center;\">\u2666<\/p>\n<h5>Gustav<\/h5>\n<p>Tack f\u00f6r det, mycket trevligt, men jag tror att ett fel smygigt sig in \u2013 vad jag kan komma ih\u00e5g var Gustav endast l\u00f6jtnant, initialt f\u00e4nrik men blev sedan befordrad (jag tror det var efter att han st\u00e5ngat Lt. Wemlerth)<\/p>\n<p>Bj\u00f6rnstr\u00f6m har bara sl\u00e4dhundar i huvudet, han har s\u00e4kert f\u00f6rtr\u00e4ngt Gustav f\u00f6r om jag minns r\u00e4tt kom han tillbaka med en svullen hand efter att ha haft hand om den ilskne dj\u00e4veln! \/306\/<\/p>\n<p style=\"text-align: center;\">\u2666<\/p>\n<h5>Mynttelefoner<\/h5>\n<p>Jag har ocks\u00e5 f\u00f6r <span style=\"color: #000000;\">mig<\/span> att vi ringde billigt p\u00e5 n\u00e5got s\u00e4tt genom att manipulera mynttelefonerna. N\u00e4r det hela uppm\u00e4rksammades skrev tidningarna att Televerket enbart hade det problemet i G\u00f6teborg, Karlsborg och Kiruna!<br \/>\n\/320<\/p>\n<p>Ang. mynttelefoner; det st\u00e4mmer, man stoppade i en krona, lyfte luren, slog tv\u00e5 g\u00e5nger p\u00e5 klykan och sen var det fritt bl\u00e5s att prata s\u00e5 l\u00e4nge man ville \u2013 dessutom fick man tillbaka kronan n\u00e4r man slutade. Dr\u00f6mmen f\u00f6r en sm\u00e5l\u00e4nning! 306 Sj\u00f6berg<\/p>\n<p>Det var en p\u00e5 3:e som hade jobbat p\u00e5 televerket och kunde blockera magneterna i automaten genom att mata in mynten p\u00e5 visst s\u00e4tt.<br \/>\nJag kommer ih\u00e5g att det bl.a skedde p\u00e5 Bromma flygplats en g\u00e5ng och det uppstod d\u00e5 en l\u00e5ng k\u00f6 bakom Benny medans alla brevidliggande automater var lediga.<br \/>\n\/315 Swedberg<\/p>\n<p style=\"text-align: center;\">\u2666<\/p>\n<h5>Kebnekaise<\/h5>\n<p>Bestigning av Kebnekaise.\u00a0Sen v\u00e4ckning i v\u00e5r exklusiva bivack. Linkan hade gl\u00f6mt oss. Ingen frukost eftersom det var\u00a0uppst\u00e4llningen direkt. Russin och n\u00f6tter gav oss energi p\u00e5 v\u00e4gen upp. N\u00e5gon drog av sig brallorna i den iskalla\u00a0yrsn\u00f6n halvv\u00e4gs mot toppen. Tr\u00f6tt och omt\u00f6cknad? Sikten blev till slut bara ett par arml\u00e4ngder och uppst\u00e4llda p\u00e5\u00a0kammen mellan topparna fick vi utsikten beskriven av bef\u00e4l som varit uppe tidigare. \u201dI klart v\u00e4der hade vi haft en\u00a0fantastisk h\u00f6jdupplevelse och sett Norska havet i v\u00e4ster\u201d. Tuff kl\u00e4ttring upp, vissa av oss p\u00e5 fastande mage, men\u00a0j\u00e4vligt snabbt ner och med \u00e4nnu en h\u00e4rlig upplevelse och erfarenhet i bagaget. \/201\/<\/p>\n<p>308\u00a0f\u00f6rresten, var den som sket p\u00e5 Kebnekaises topp. Som n\u00e5gon sa vid tillf\u00e4llet, sk\u00e5nskt h\u00f6jdrekord i det gebitet. \/304\/<\/p>\n<p>Mitt tilltag p\u00e5 Kebnekaise \u00e4r v\u00e4l preskriberat nu? \/308<\/p>\n<p style=\"text-align: center;\">\u2666<\/p>\n<h5><strong>Karlsborg h\u00f6sten 1970.<\/strong><\/h5>\n<p>\u201dSkydd!\u201d F\u00e4nriken beh\u00f6vde inte skrika, f\u00f6r att vi \u00f6gonblicket efter skulle ligga klistrade vid den morgonfuktiga marken, med AK4:an i ett fast handgrepp. Framf\u00f6r gruppen av blivande fallsk\u00e4rmsj\u00e4gare v\u00e4xte ett gr\u00f6nt hav av n\u00e4sslor.<\/p>\n<p>\u201d\u00c5lning medelst haaaaaaaaaaasning. F-m\u00e5t!\u201d, l\u00e4t n\u00e4sta order. Det hade r\u00e4ckt med ett viskande \u201dNu\u201d, och vi hade \u00e4nd\u00e5 p\u00e5b\u00f6rjat \u00e5landet in bland n\u00e4sslorna. H\u00e4nder och ansikten sved n\u00e4r vi, \u00e5tta grabbar i andra pluton \u2013 andra grupp, utf\u00f6rde v\u00e5ra liggande piruetter utanf\u00f6r f\u00f6rl\u00e4ggningen. Marken m\u00e5ste ha varit ovanligt rikt kv\u00e4veg\u00f6dslad, f\u00f6r minnet s\u00e4ger mig att s\u00e5 mycket n\u00e4sslor har aldrig v\u00e4xt p\u00e5 en s\u00e5 liten yta, varken f\u00f6rr eller senare. Jag vet inte hur l\u00e4nge vi h\u00f6ll p\u00e5 men n\u00e4r vi stod uppst\u00e4llda inf\u00f6r n\u00e4sta \u00f6vning, var det inte m\u00e5nga n\u00e4sslor som vajade i vinden.<\/p>\n<p>Under resten av dagen p\u00e5gick soldatutbildningen som vanligt och jag tror inte att n\u00e5gon av kamraterna kommenterade morgonens sp\u00e4kande sj\u00e4lvkontroll. F\u00f6rst vid tj\u00e4nstens slut, i duschen, v\u00e4rderades det vi hade varit med om. Samtidigt som vi kollektivt f\u00f6rbannade den unge f\u00e4nriken fanns ocks\u00e5 en m\u00e4rklig uppskattning \u00f6ver att han utsett just oss f\u00f6r pr\u00f6vningen. Det fanns ocks\u00e5 en nedl\u00e5tande attityd mot n\u00e5gra kamrater som inte uppvisade samma intensivt r\u00f6da och uppsv\u00e4llda h\u00e4nder och ansikten som vi andra kunde stoltsera med.\u00a0\/212 Bertil<\/p>\n<p style=\"text-align: center;\">\u2666<\/p>\n<p><span style=\"color: #ffcc99;\">.<\/span><\/p>\n<p><img loading=\"lazy\" decoding=\"async\" class=\"aligncenter size-full wp-image-3928\" src=\"http:\/\/www.fjs1970.se\/wp-content\/uploads\/2010\/04\/SLA-ST-den-16-nov.-1970.jpg\" alt=\"\" width=\"580\" height=\"800\" srcset=\"https:\/\/www.fjs1970.se\/wp-content\/uploads\/2010\/04\/SLA-ST-den-16-nov.-1970.jpg 580w, https:\/\/www.fjs1970.se\/wp-content\/uploads\/2010\/04\/SLA-ST-den-16-nov.-1970-217x300.jpg 217w\" sizes=\"auto, (max-width: 580px) 100vw, 580px\" \/><\/p>\n<p><span style=\"color: #ffcc99;\">.<\/span><\/p>\n<p><img loading=\"lazy\" decoding=\"async\" class=\"aligncenter size-full wp-image-3929\" src=\"http:\/\/www.fjs1970.se\/wp-content\/uploads\/2010\/04\/SLA-ST-den-16-nov.1970-B.jpg\" alt=\"\" width=\"569\" height=\"800\" srcset=\"https:\/\/www.fjs1970.se\/wp-content\/uploads\/2010\/04\/SLA-ST-den-16-nov.1970-B.jpg 569w, https:\/\/www.fjs1970.se\/wp-content\/uploads\/2010\/04\/SLA-ST-den-16-nov.1970-B-213x300.jpg 213w\" sizes=\"auto, (max-width: 569px) 100vw, 569px\" \/><\/p>\n<p><span style=\"color: #ffcc99;\">.<\/span><\/p>\n<p><span style=\"color: #ffcc99;\">.<\/span><\/p>\n<p style=\"text-align: center;\"><img loading=\"lazy\" decoding=\"async\" class=\"aligncenter size-thumbnail wp-image-5241\" src=\"http:\/\/www.fjs1970.se\/wp-content\/uploads\/2010\/06\/FJS-m\u00e4rke1-150x150.jpg\" alt=\"\" width=\"150\" height=\"150\" \/><\/p>\n<h1 style=\"text-align: center;\">\u25ca<\/h1>\n","protected":false},"excerpt":{"rendered":"<p>. . B\u00e4ste fallsk\u00e4rmsj\u00e4gare! \u00c5rets FJS-dag hade ett trevligt och digert program. L\u00f6rdagen var fylld med aktiviteter fr\u00e5n tidig f\u00f6rmiddag till sena kv\u00e4llen med bl. a f\u00f6revisning i hopphallen, hoppning p\u00e5 Flugebyn, hopp fr\u00e5n hopptornet, f\u00f6redrag och \u00e5rsm\u00f6te p\u00e5 eftermiddagen och p\u00e5 kv\u00e4llen uppst\u00e4llning och mingel i v\u00e5rt \u201dk\u00e4ra gamla l\u00e4ger\u201d. Halv elva m\u00f6tte jag [&hellip;]<\/p>\n","protected":false},"author":1,"featured_media":0,"comment_status":"closed","ping_status":"closed","sticky":false,"template":"","format":"standard","meta":{"footnotes":""},"categories":[9],"tags":[6,5,172],"class_list":["post-13059","post","type-post","status-publish","format-standard","hentry","category-fjs-och-fallskarmsjagarna","tag-fallskarmsjagare","tag-fjs","tag-urban-samuelsson"],"_links":{"self":[{"href":"https:\/\/www.fjs1970.se\/index.php?rest_route=\/wp\/v2\/posts\/13059","targetHints":{"allow":["GET"]}}],"collection":[{"href":"https:\/\/www.fjs1970.se\/index.php?rest_route=\/wp\/v2\/posts"}],"about":[{"href":"https:\/\/www.fjs1970.se\/index.php?rest_route=\/wp\/v2\/types\/post"}],"author":[{"embeddable":true,"href":"https:\/\/www.fjs1970.se\/index.php?rest_route=\/wp\/v2\/users\/1"}],"replies":[{"embeddable":true,"href":"https:\/\/www.fjs1970.se\/index.php?rest_route=%2Fwp%2Fv2%2Fcomments&post=13059"}],"version-history":[{"count":24,"href":"https:\/\/www.fjs1970.se\/index.php?rest_route=\/wp\/v2\/posts\/13059\/revisions"}],"predecessor-version":[{"id":13084,"href":"https:\/\/www.fjs1970.se\/index.php?rest_route=\/wp\/v2\/posts\/13059\/revisions\/13084"}],"wp:attachment":[{"href":"https:\/\/www.fjs1970.se\/index.php?rest_route=%2Fwp%2Fv2%2Fmedia&parent=13059"}],"wp:term":[{"taxonomy":"category","embeddable":true,"href":"https:\/\/www.fjs1970.se\/index.php?rest_route=%2Fwp%2Fv2%2Fcategories&post=13059"},{"taxonomy":"post_tag","embeddable":true,"href":"https:\/\/www.fjs1970.se\/index.php?rest_route=%2Fwp%2Fv2%2Ftags&post=13059"}],"curies":[{"name":"wp","href":"https:\/\/api.w.org\/{rel}","templated":true}]}}