{"id":12990,"date":"2017-06-13T05:22:10","date_gmt":"2017-06-13T03:22:10","guid":{"rendered":"http:\/\/www.fjs1970.se\/?p=12990"},"modified":"2017-06-13T05:22:10","modified_gmt":"2017-06-13T03:22:10","slug":"trevlig-sommar-3","status":"publish","type":"post","link":"https:\/\/www.fjs1970.se\/?p=12990","title":{"rendered":"Trevlig sommar!"},"content":{"rendered":"<div id=\"attachment_13046\" style=\"width: 766px\" class=\"wp-caption aligncenter\"><img loading=\"lazy\" decoding=\"async\" aria-describedby=\"caption-attachment-13046\" class=\"wp-image-13046\" src=\"http:\/\/www.fjs1970.se\/wp-content\/uploads\/2017\/06\/IMG_3363-1024x574.jpg\" alt=\"\" width=\"756\" height=\"424\" srcset=\"https:\/\/www.fjs1970.se\/wp-content\/uploads\/2017\/06\/IMG_3363-1024x574.jpg 1024w, https:\/\/www.fjs1970.se\/wp-content\/uploads\/2017\/06\/IMG_3363-300x168.jpg 300w, https:\/\/www.fjs1970.se\/wp-content\/uploads\/2017\/06\/IMG_3363-768x431.jpg 768w, https:\/\/www.fjs1970.se\/wp-content\/uploads\/2017\/06\/IMG_3363.jpg 1280w\" sizes=\"auto, (max-width: 756px) 100vw, 756px\" \/><p id=\"caption-attachment-13046\" class=\"wp-caption-text\">Fallsk\u00e4rmsj\u00e4garl\u00e4gret p\u00e5 Sveriges Nationaldag den 6 juni 2017<\/p><\/div>\n<p><span style=\"color: #ffcc99;\">.<\/span><\/p>\n<h5>B\u00e4ste fallsk\u00e4rmsj\u00e4gare,<\/h5>\n<p>Ett h\u00e4rligt v\u00e4der ramade in \u00e5rets firande av Sveriges nationaldag h\u00e4r i Karlsborg. Mycket folk, fr\u00e5n n\u00e4r och fj\u00e4rran, bj\u00f6ds p\u00e5 ett gediget och varierat program uppe p\u00e5 f\u00e4stningen. F\u00f6rutom h\u00f6gtidstal av f d landsh\u00f6vdingen, utdelning av utm\u00e4rkelser, v\u00e4lkomstceremoni f\u00f6r nya svenska medborgare, musik, s\u00e5ng, dans, marknad, aktiviteter, fika och mat mm s\u00e5 hade naturligtvis regementet och FM visning av sina resurser\u2026alltid lika sp\u00e4nnande att titta p\u00e5&#8230;och\u00a0<a href=\"http:\/\/www.coldskills.com\">Cold Skills<\/a> s\u00e5lde \u00f6kenk\u00e4ngor f\u00f6r halva priset. Vilken h\u00e4rlig dag! N\u00e5gra bilder fr\u00e5n dagen ser ni l\u00e4ngre ned p\u00e5 sidan.<\/p>\n<p><span style=\"color: #ffcc99;\">.<\/span><\/p>\n<p>\u00c5rets FJS dag infaller l\u00f6rdagen den 19 augusti. P\u00e5 <a href=\"http:\/\/www.fallskarmsjagarna.se\/klubbens-aktiviteter\/fallskaermsjaegarnas-dag\/helgens-program\">FJS klubbens<\/a> hemsida kan du l\u00e4sa mer om \u00e5rets program. V\u00e4l m\u00f6tt den 19 augusti i FJS-l\u00e4gret!<\/p>\n<p><span style=\"color: #ffcc99;\">.<\/span><\/p>\n<p><span style=\"color: #ffcc99;\">.<\/span><\/p>\n<p>\u00d6nskar er alla en riktigt trevlig sommar,<\/p>\n<p><span style=\"color: #ffcc99;\">.<\/span><\/p>\n<p>Karlsborg den 13 juni 2017<\/p>\n<p>201 Svante<\/p>\n<p><span style=\"color: #ffcc99;\">.<\/span><\/p>\n<p><span style=\"color: #ffcc99;\">.<\/span><\/p>\n<div id=\"attachment_13014\" style=\"width: 768px\" class=\"wp-caption aligncenter\"><img loading=\"lazy\" decoding=\"async\" aria-describedby=\"caption-attachment-13014\" class=\"wp-image-13014 \" src=\"http:\/\/www.fjs1970.se\/wp-content\/uploads\/2017\/06\/fjs1-1024x649.jpg\" alt=\"\" width=\"758\" height=\"480\" srcset=\"https:\/\/www.fjs1970.se\/wp-content\/uploads\/2017\/06\/fjs1-1024x649.jpg 1024w, https:\/\/www.fjs1970.se\/wp-content\/uploads\/2017\/06\/fjs1-300x190.jpg 300w, https:\/\/www.fjs1970.se\/wp-content\/uploads\/2017\/06\/fjs1-768x487.jpg 768w, https:\/\/www.fjs1970.se\/wp-content\/uploads\/2017\/06\/fjs1.jpg 1142w\" sizes=\"auto, (max-width: 758px) 100vw, 758px\" \/><p id=\"caption-attachment-13014\" class=\"wp-caption-text\">Utanf\u00f6r &#8221;sjukan&#8221; hade popul\u00e4ra fallsk\u00e4rmsj\u00e4gare f\u00f6revisning av diverse materiel.<\/p><\/div>\n<p><span style=\"color: #ffcc99;\">.<\/span><\/p>\n<div id=\"attachment_13018\" style=\"width: 767px\" class=\"wp-caption aligncenter\"><img loading=\"lazy\" decoding=\"async\" aria-describedby=\"caption-attachment-13018\" class=\"wp-image-13018\" src=\"http:\/\/www.fjs1970.se\/wp-content\/uploads\/2017\/06\/fjs2-1024x726.jpg\" alt=\"\" width=\"757\" height=\"537\" srcset=\"https:\/\/www.fjs1970.se\/wp-content\/uploads\/2017\/06\/fjs2-1024x726.jpg 1024w, https:\/\/www.fjs1970.se\/wp-content\/uploads\/2017\/06\/fjs2-300x213.jpg 300w, https:\/\/www.fjs1970.se\/wp-content\/uploads\/2017\/06\/fjs2-768x544.jpg 768w, https:\/\/www.fjs1970.se\/wp-content\/uploads\/2017\/06\/fjs2.jpg 1280w\" sizes=\"auto, (max-width: 757px) 100vw, 757px\" \/><p id=\"caption-attachment-13018\" class=\"wp-caption-text\">Att f\u00e5 pr\u00f6va en fallsk\u00e4rm \u00e4r naturligtvis riktigt h\u00e4ftigt..<\/p><\/div>\n<p><span style=\"color: #ffcc99;\">.<\/span><\/p>\n<div id=\"attachment_13050\" style=\"width: 767px\" class=\"wp-caption aligncenter\"><img loading=\"lazy\" decoding=\"async\" aria-describedby=\"caption-attachment-13050\" class=\"wp-image-13050\" src=\"http:\/\/www.fjs1970.se\/wp-content\/uploads\/2017\/06\/IMG_3356-1024x702.jpg\" alt=\"\" width=\"757\" height=\"519\" srcset=\"https:\/\/www.fjs1970.se\/wp-content\/uploads\/2017\/06\/IMG_3356-1024x702.jpg 1024w, https:\/\/www.fjs1970.se\/wp-content\/uploads\/2017\/06\/IMG_3356-300x206.jpg 300w, https:\/\/www.fjs1970.se\/wp-content\/uploads\/2017\/06\/IMG_3356-768x526.jpg 768w, https:\/\/www.fjs1970.se\/wp-content\/uploads\/2017\/06\/IMG_3356.jpg 1280w\" sizes=\"auto, (max-width: 757px) 100vw, 757px\" \/><p id=\"caption-attachment-13050\" class=\"wp-caption-text\">&#8230;och \u00e4ven m\u00e5nga vuxna pr\u00f6var hur utrustningen k\u00e4nns.<\/p><\/div>\n<p><span style=\"color: #ffcc99;\">.<\/span><\/p>\n<div id=\"attachment_13020\" style=\"width: 765px\" class=\"wp-caption aligncenter\"><img loading=\"lazy\" decoding=\"async\" aria-describedby=\"caption-attachment-13020\" class=\"wp-image-13020\" src=\"http:\/\/www.fjs1970.se\/wp-content\/uploads\/2017\/06\/L\u00e4gret3-1024x732.jpg\" alt=\"\" width=\"755\" height=\"539\" srcset=\"https:\/\/www.fjs1970.se\/wp-content\/uploads\/2017\/06\/L\u00e4gret3-1024x732.jpg 1024w, https:\/\/www.fjs1970.se\/wp-content\/uploads\/2017\/06\/L\u00e4gret3-300x214.jpg 300w, https:\/\/www.fjs1970.se\/wp-content\/uploads\/2017\/06\/L\u00e4gret3-768x549.jpg 768w, https:\/\/www.fjs1970.se\/wp-content\/uploads\/2017\/06\/L\u00e4gret3.jpg 1280w\" sizes=\"auto, (max-width: 755px) 100vw, 755px\" \/><p id=\"caption-attachment-13020\" class=\"wp-caption-text\">Under dagen var det f\u00f6revisning av DC 3:an i L\u00e4gret. H\u00e4r med fanjunkar\u00b4n i f\u00f6rgrunden.<\/p><\/div>\n<p><span style=\"color: #ffcc99;\">.<\/span><\/p>\n<div id=\"attachment_13048\" style=\"width: 769px\" class=\"wp-caption aligncenter\"><img loading=\"lazy\" decoding=\"async\" aria-describedby=\"caption-attachment-13048\" class=\"wp-image-13048\" src=\"http:\/\/www.fjs1970.se\/wp-content\/uploads\/2017\/06\/IMG_3371-1-1024x653.jpg\" alt=\"\" width=\"759\" height=\"484\" srcset=\"https:\/\/www.fjs1970.se\/wp-content\/uploads\/2017\/06\/IMG_3371-1-1024x653.jpg 1024w, https:\/\/www.fjs1970.se\/wp-content\/uploads\/2017\/06\/IMG_3371-1-300x191.jpg 300w, https:\/\/www.fjs1970.se\/wp-content\/uploads\/2017\/06\/IMG_3371-1-768x490.jpg 768w, https:\/\/www.fjs1970.se\/wp-content\/uploads\/2017\/06\/IMG_3371-1.jpg 1280w\" sizes=\"auto, (max-width: 759px) 100vw, 759px\" \/><p id=\"caption-attachment-13048\" class=\"wp-caption-text\">&#8221;Race for Heroes&#8221;, solo SM i Multisport, hade start f\u00f6r kajak vid J\u00e4garbryggan.<\/p><\/div>\n<p><span style=\"color: #ffcc99;\">.<\/span><\/p>\n<h5><a href=\"http:\/\/www.forsvarsmakten.se\/sv\/aktuellt\/2017\/06\/veteraner-samlades-i-karlsborg\/\">Veterantr\u00e4ff i Karlsborg<\/a><\/h5>\n<div id=\"attachment_13036\" style=\"width: 766px\" class=\"wp-caption aligncenter\"><img loading=\"lazy\" decoding=\"async\" aria-describedby=\"caption-attachment-13036\" class=\"wp-image-13036\" src=\"http:\/\/www.fjs1970.se\/wp-content\/uploads\/2017\/06\/Medaljering-1024x830.jpg\" alt=\"\" width=\"756\" height=\"613\" srcset=\"https:\/\/www.fjs1970.se\/wp-content\/uploads\/2017\/06\/Medaljering-1024x830.jpg 1024w, https:\/\/www.fjs1970.se\/wp-content\/uploads\/2017\/06\/Medaljering-300x243.jpg 300w, https:\/\/www.fjs1970.se\/wp-content\/uploads\/2017\/06\/Medaljering-768x623.jpg 768w, https:\/\/www.fjs1970.se\/wp-content\/uploads\/2017\/06\/Medaljering.jpg 1280w\" sizes=\"auto, (max-width: 756px) 100vw, 756px\" \/><p id=\"caption-attachment-13036\" class=\"wp-caption-text\">Tv\u00e5 glada fallsk\u00e4rmsj\u00e4gare p\u00e5 veterantr\u00e4ff den 6 juni. Regementschefen Dag Lid\u00e9n tilldelar Tor Cavalli-Bj\u00f6rkman K3:s f\u00f6rtj\u00e4nstmedalj i guld f\u00f6r hans arbete inom F\u00f6rsvarsmaktens \u00d6verlevnadsskola. Fotograf: Elin Antonsson\/F\u00f6rsvarsmakten<\/p><\/div>\n<p><span style=\"color: #ffcc99;\">.<\/span><\/p>\n<p><span style=\"color: #ffcc99;\">.<\/span><\/p>\n<p style=\"text-align: center;\"><img loading=\"lazy\" decoding=\"async\" class=\"aligncenter size-thumbnail wp-image-5241\" src=\"http:\/\/www.fjs1970.se\/wp-content\/uploads\/2010\/06\/FJS-m\u00e4rke1-150x150.jpg\" alt=\"\" width=\"150\" height=\"150\" \/><\/p>\n<h1 style=\"text-align: center;\">\u25ca<\/h1>\n","protected":false},"excerpt":{"rendered":"<p>. B\u00e4ste fallsk\u00e4rmsj\u00e4gare, Ett h\u00e4rligt v\u00e4der ramade in \u00e5rets firande av Sveriges nationaldag h\u00e4r i Karlsborg. Mycket folk, fr\u00e5n n\u00e4r och fj\u00e4rran, bj\u00f6ds p\u00e5 ett gediget och varierat program uppe p\u00e5 f\u00e4stningen. F\u00f6rutom h\u00f6gtidstal av f d landsh\u00f6vdingen, utdelning av utm\u00e4rkelser, v\u00e4lkomstceremoni f\u00f6r nya svenska medborgare, musik, s\u00e5ng, dans, marknad, aktiviteter, fika och mat mm [&hellip;]<\/p>\n","protected":false},"author":1,"featured_media":0,"comment_status":"closed","ping_status":"closed","sticky":false,"template":"","format":"standard","meta":{"footnotes":""},"categories":[9],"tags":[6,5,109,8],"class_list":["post-12990","post","type-post","status-publish","format-standard","hentry","category-fjs-och-fallskarmsjagarna","tag-fallskarmsjagare","tag-fjs","tag-k3","tag-karlsborg"],"_links":{"self":[{"href":"https:\/\/www.fjs1970.se\/index.php?rest_route=\/wp\/v2\/posts\/12990","targetHints":{"allow":["GET"]}}],"collection":[{"href":"https:\/\/www.fjs1970.se\/index.php?rest_route=\/wp\/v2\/posts"}],"about":[{"href":"https:\/\/www.fjs1970.se\/index.php?rest_route=\/wp\/v2\/types\/post"}],"author":[{"embeddable":true,"href":"https:\/\/www.fjs1970.se\/index.php?rest_route=\/wp\/v2\/users\/1"}],"replies":[{"embeddable":true,"href":"https:\/\/www.fjs1970.se\/index.php?rest_route=%2Fwp%2Fv2%2Fcomments&post=12990"}],"version-history":[{"count":38,"href":"https:\/\/www.fjs1970.se\/index.php?rest_route=\/wp\/v2\/posts\/12990\/revisions"}],"predecessor-version":[{"id":13056,"href":"https:\/\/www.fjs1970.se\/index.php?rest_route=\/wp\/v2\/posts\/12990\/revisions\/13056"}],"wp:attachment":[{"href":"https:\/\/www.fjs1970.se\/index.php?rest_route=%2Fwp%2Fv2%2Fmedia&parent=12990"}],"wp:term":[{"taxonomy":"category","embeddable":true,"href":"https:\/\/www.fjs1970.se\/index.php?rest_route=%2Fwp%2Fv2%2Fcategories&post=12990"},{"taxonomy":"post_tag","embeddable":true,"href":"https:\/\/www.fjs1970.se\/index.php?rest_route=%2Fwp%2Fv2%2Ftags&post=12990"}],"curies":[{"name":"wp","href":"https:\/\/api.w.org\/{rel}","templated":true}]}}