{"id":12674,"date":"2015-12-21T05:46:09","date_gmt":"2015-12-21T04:46:09","guid":{"rendered":"http:\/\/www.fjs1970.se\/?p=12674"},"modified":"2015-12-22T07:55:31","modified_gmt":"2015-12-22T06:55:31","slug":"god-jul-och-gott-nytt-ar-2","status":"publish","type":"post","link":"https:\/\/www.fjs1970.se\/?p=12674","title":{"rendered":"God Jul och Gott Nytt \u00c5r"},"content":{"rendered":"<div id=\"attachment_12714\" style=\"width: 762px\" class=\"wp-caption aligncenter\"><img loading=\"lazy\" decoding=\"async\" aria-describedby=\"caption-attachment-12714\" class=\"wp-image-12714\" src=\"http:\/\/www.fjs1970.se\/wp-content\/uploads\/2015\/12\/IMG_1761.jpg\" alt=\"IMG_1761\" width=\"752\" height=\"362\" srcset=\"https:\/\/www.fjs1970.se\/wp-content\/uploads\/2015\/12\/IMG_1761.jpg 1280w, https:\/\/www.fjs1970.se\/wp-content\/uploads\/2015\/12\/IMG_1761-300x144.jpg 300w, https:\/\/www.fjs1970.se\/wp-content\/uploads\/2015\/12\/IMG_1761-768x370.jpg 768w, https:\/\/www.fjs1970.se\/wp-content\/uploads\/2015\/12\/IMG_1761-1024x493.jpg 1024w\" sizes=\"auto, (max-width: 752px) 100vw, 752px\" \/><p id=\"caption-attachment-12714\" class=\"wp-caption-text\">En aktuell bild fr\u00e5n DC 3:an i L\u00e4gret. Det \u00e4r inte s\u00e5 mycket vinter h\u00e4r i Karlsborg men det \u00e4r alltid lika vackert, v\u00e4lsk\u00f6tt och inbjudande oavsett \u00e5rstid att bes\u00f6ka L\u00e4gret.<\/p><\/div>\n<p><span style=\"color: #ffcc99;\">.<\/span><\/p>\n<p><img loading=\"lazy\" decoding=\"async\" class=\"aligncenter size-thumbnail wp-image-12719\" src=\"http:\/\/www.fjs1970.se\/wp-content\/uploads\/2015\/12\/God-Jul-150x150.jpeg\" alt=\"God Jul\" width=\"150\" height=\"150\" \/><\/p>\n<p><span style=\"color: #ffcc99;\">.<\/span><\/p>\n<h5>B\u00e4ste Fallsk\u00e4rmsj\u00e4gare!<\/h5>\n<p>I mitten av december samlades soldater, officerare, \u00d6B, F\u00f6rsvarsminister samt anh\u00f6riga uppe p\u00e5 f\u00e4stningen f\u00f6r en h\u00f6gtidlig medaljceremoni. Mali 02 hade kommit hem efter m\u00e5nga utmaningar i Afrika. Kvinnor och m\u00e4n som vi skickar ut i v\u00e4rlden ska vi naturligtvis ta emot p\u00e5 ett v\u00e4rdigt och respektfullt s\u00e4tt och visa att vi uppskattar deras insats. K3 har huvudansvar f\u00f6r de tre f\u00f6rsta av Sveriges insatser i Mali och det har verkligen m\u00e4rkts h\u00e4r i Karlsborg genom ett \u00e5r med h\u00f6g intensitet uppe p\u00e5 f\u00e4stningen.<span style=\"color: #ffcc99; line-height: 1.5;\">.<\/span><\/p>\n<p>Brunner har kommit ut med den andra delen av sina memoarer \u201dD\u00e4r g\u00e5r han 2\u201d, 1970-1990. H\u00e4r finns bl. a tiden p\u00e5 FJS och jag skrattar hj\u00e4rtligt till m\u00e5nga av Brunners beskrivningar. Nedan f\u00f6ljer ett par l\u00f6sryckta smakprov ur boken som beskriver f\u00f6rsta m\u00f6tet med v\u00e5ra furirer vid ankomsten till Karlsborgs station den 1 juni 1970\u2026<\/p>\n<p><em>Cronstr\u00f6m upptr\u00e4dde reglementsenligt.\u00a0<\/em><\/p>\n<p><em>Han hade l\u00e4rt sig reglementet som var en samling f\u00f6reskrifter, kr\u00e4vande och som hade med upptr\u00e4dandet att g\u00f6ra. Ingen kom undan utan att l\u00e4ra sig det han hade l\u00e4rt f\u00f6re oss.\u00a0<\/em><\/p>\n<p><em>Han st\u00e4llde sig framf\u00f6r gruppen f\u00f6r att visa, v\u00e4nde ansiktet mot oss i profil och fast han redan hade underbett sk\u00f6t han fram hakan lite till och s\u00e5g krigisk ut. Till skjorta gr\u00f6n m\/60, f\u00e4ltbyxa gr\u00f6n m\/60 och marschpj\u00e4xor hade Cronstr\u00f6m p\u00e5 sig den vinr\u00f6da baskern.\u00a0<\/em><\/p>\n<p><em>Den bar han mitt p\u00e5 huvudet och framdragen i pannan med m\u00f6sskullen lutande \u00e5t h\u00f6ger.\u00a0<\/em><\/p>\n<p><em>M\u00f6ssm\u00e4rket satt p\u00e5 millimetern r\u00e4tt ovanf\u00f6r v\u00e4nster \u00f6ga.<\/em><\/p>\n<p><span style=\"color: #ffcc99;\">.<\/span><\/p>\n<p><em>Furir Lindgren steg fram. Det jag minns av honom var nackmusklerna. En ryggs\u00e4ck (Saccis modell J\u00e4gare 90) med stridspackning v\u00e4gde femtiofem kilo och bar man med sig den \u00f6verallt under ett \u00e5r samlades musklerna till en puckel.\u00a0<\/em><\/p>\n<p><em>Denne Lindgren hade dragit en blyerts ur benfickan. Den bakre \u00e4nden var trubbig. D\u00e4r n\u00f6p han tag och s\u00e5 tog han lagom l\u00e5nga kliv fr\u00e5n man till man s\u00e5som han l\u00e4rt sig p\u00e5 FJS att kliv skulle tas.\u00a0<\/em><\/p>\n<p><em>Vid varje nacke gjorde han halt och pr\u00f6vade h\u00e5rl\u00e4ngden. Blyertspennan med sin i sex kanter fr\u00e4sta tr\u00e4skiva och sin svarta metallgl\u00e4nsande spets f\u00f6rde han nerifr\u00e5n och upp.\u00a0<\/em><\/p>\n<p><em>Nu g\u00e4llde det.\u00a0<\/em><\/p>\n<p><em>Om ett h\u00e5rstr\u00e5 lade sig \u00f6ver var det f\u00f6r l\u00e5ngt.<\/em><\/p>\n<p><em>Alla i v\u00e5r grupp fick underk\u00e4nt.<\/em><\/p>\n<p><span style=\"color: #ffcc99;\">.<\/span><\/p>\n<p>F\u00f6r egen del har h\u00f6sten varit en fin balans mellan ryggl\u00e4ge p\u00e5 soffan, moppen, trevliga \u00e5taganden och uppdrag f\u00f6r \u00d6verlevnadsskolan. N\u00e4r jobbet med \u00d6verlevnadsskolan p\u00e5g\u00e5tt h\u00e4r i n\u00e4rheten s\u00e5 avslutas det alltid i FJS-l\u00e4gret. Genomg\u00e5ng efter \u00f6vning p\u00e5 Sk\u00e4rmen f\u00f6ljt av Fallsk\u00e4rmsj\u00e4garbastu med dopp. En trevlig tradition f\u00f6r oss inblandade.<\/p>\n<p>Resehandb\u00f6ckerna ligger l\u00e4tt \u00e5tkomliga intill soffan och mina planer p\u00e5 att resa mot varmare trakter i jan\/feb finns. Inget best\u00e4mt men att dr\u00f6mma och planera \u00e4r ju definitivt en del av att resa. V\u00e4lbefinnandet \u00e4r gott n\u00e4r dessutom Fr\u00f6lunda \u00e5ngar p\u00e5 i Elitserien och Sverige kommer att finnas med i Frankrike f\u00f6r att medverka i fotbolls-EM till sommaren.<\/p>\n<p>Med en f\u00f6rhoppning om att vi ocks\u00e5 hj\u00e4lps \u00e5t att skapa en tryggare tillvaro f\u00f6r alla oskyldiga barn och vuxna som \u00e4r drabbade av en orolig omv\u00e4rld till\u00f6nskas Ni,<\/p>\n<p><span style=\"line-height: 1.5; color: #ffcc99;\">.<\/span><\/p>\n<h5>God Jul och Gott Nytt \u00c5r,<\/h5>\n<p>Karlsborg den 21 december 2015<\/p>\n<p>201 Svante<\/p>\n<p><span style=\"color: #ffcc99;\">.<\/span><\/p>\n<p style=\"text-align: center;\">\u2666<\/p>\n<h5>Sam 93 \u00e5r den 20 december&#8230;<\/h5>\n<div id=\"attachment_12754\" style=\"width: 762px\" class=\"wp-caption aligncenter\"><img loading=\"lazy\" decoding=\"async\" aria-describedby=\"caption-attachment-12754\" class=\"wp-image-12754\" src=\"http:\/\/www.fjs1970.se\/wp-content\/uploads\/2015\/12\/Sam-93a\u030ar.jpg\" alt=\"Sam 93a\u030ar\" width=\"752\" height=\"373\" srcset=\"https:\/\/www.fjs1970.se\/wp-content\/uploads\/2015\/12\/Sam-93a\u030ar.jpg 1280w, https:\/\/www.fjs1970.se\/wp-content\/uploads\/2015\/12\/Sam-93a\u030ar-300x149.jpg 300w, https:\/\/www.fjs1970.se\/wp-content\/uploads\/2015\/12\/Sam-93a\u030ar-768x381.jpg 768w, https:\/\/www.fjs1970.se\/wp-content\/uploads\/2015\/12\/Sam-93a\u030ar-1024x508.jpg 1024w\" sizes=\"auto, (max-width: 752px) 100vw, 752px\" \/><p id=\"caption-attachment-12754\" class=\"wp-caption-text\">&#8230;f\u00f6delsedagsfika hos Sam p\u00e5 J\u00e4rpstigen. Det blev ett hj\u00e4rtligt kalas med en pigg 93-\u00e5ring som illmarigt beskrev hur han redan hade f\u00e5ngat och bestraffat den som gjort \u00e5verkan p\u00e5 fallsk\u00e4rmsj\u00e4garstatyn i L\u00e4gret. Muntra historier, minnen och skr\u00f6nor ber\u00e4ttades till glada skratt&#8230;<\/p><\/div>\n<p><span style=\"color: #ffcc99;\">.<\/span><\/p>\n<p style=\"text-align: center;\">\u2666<\/p>\n<h5>Surstr\u00f6mming i oktober&#8230;<\/h5>\n<div id=\"attachment_12687\" style=\"width: 760px\" class=\"wp-caption aligncenter\"><img loading=\"lazy\" decoding=\"async\" aria-describedby=\"caption-attachment-12687\" class=\"wp-image-12687\" src=\"http:\/\/www.fjs1970.se\/wp-content\/uploads\/2015\/12\/IMG_1583.jpg\" alt=\"IMG_1583\" width=\"750\" height=\"477\" srcset=\"https:\/\/www.fjs1970.se\/wp-content\/uploads\/2015\/12\/IMG_1583.jpg 1280w, https:\/\/www.fjs1970.se\/wp-content\/uploads\/2015\/12\/IMG_1583-300x191.jpg 300w, https:\/\/www.fjs1970.se\/wp-content\/uploads\/2015\/12\/IMG_1583-768x489.jpg 768w, https:\/\/www.fjs1970.se\/wp-content\/uploads\/2015\/12\/IMG_1583-1024x652.jpg 1024w\" sizes=\"auto, (max-width: 750px) 100vw, 750px\" \/><p id=\"caption-attachment-12687\" class=\"wp-caption-text\">I oktober bjuder fanjunkare Persson p\u00e5 sin \u00e5rliga surstr\u00f6mmingslunch p\u00e5 Enstigen. En alltid lika trevlig och uppskattad tillst\u00e4llning. Lindmark, Nordin och jag \u00e4r inte sv\u00e5rbedda och m\u00f6ts av ett mycket smakfullt bord med extra allt och naturligtvis fastst\u00e4lld bordsplacering enligt fanjunkar\u00b4n. Det blir ett muntert tj\u00f6t med m\u00e5nga olika meningar&#8230;<\/p><\/div>\n<p style=\"text-align: left;\"><span style=\"color: #ffcc99;\">.<\/span><\/p>\n<p style=\"text-align: center;\">\u2666<\/p>\n<h5 style=\"text-align: left;\">Br\u00f6llop p\u00e5 FJS dag&#8230;<\/h5>\n<div id=\"attachment_12698\" style=\"width: 760px\" class=\"wp-caption aligncenter\"><img loading=\"lazy\" decoding=\"async\" aria-describedby=\"caption-attachment-12698\" class=\"wp-image-12698\" src=\"http:\/\/www.fjs1970.se\/wp-content\/uploads\/2015\/12\/IMG_1542-1.jpg\" alt=\"IMG_1542 (1)\" width=\"750\" height=\"361\" srcset=\"https:\/\/www.fjs1970.se\/wp-content\/uploads\/2015\/12\/IMG_1542-1.jpg 1280w, https:\/\/www.fjs1970.se\/wp-content\/uploads\/2015\/12\/IMG_1542-1-300x144.jpg 300w, https:\/\/www.fjs1970.se\/wp-content\/uploads\/2015\/12\/IMG_1542-1-768x370.jpg 768w, https:\/\/www.fjs1970.se\/wp-content\/uploads\/2015\/12\/IMG_1542-1-1024x493.jpg 1024w\" sizes=\"auto, (max-width: 750px) 100vw, 750px\" \/><p id=\"caption-attachment-12698\" class=\"wp-caption-text\">&#8230;och naturligtvis prioriterar jag den storslagna och k\u00e4rleksfulla tillst\u00e4llningen i Hovs Kyrka bland n\u00e4ra och k\u00e4ra n\u00e4r sonen Carl f\u00e5r sin Thilde till hustru.<\/p><\/div>\n<p style=\"text-align: left;\"><span style=\"color: #ffcc99;\">.<\/span><\/p>\n<p style=\"text-align: center;\">\u2666<\/p>\n<h5>Kilpisj\u00e4rvi i juli&#8230;<\/h5>\n<div id=\"attachment_12686\" style=\"width: 761px\" class=\"wp-caption aligncenter\"><img loading=\"lazy\" decoding=\"async\" aria-describedby=\"caption-attachment-12686\" class=\"wp-image-12686\" src=\"http:\/\/www.fjs1970.se\/wp-content\/uploads\/2015\/12\/IMG_1384.jpg\" alt=\"IMG_1384\" width=\"751\" height=\"563\" srcset=\"https:\/\/www.fjs1970.se\/wp-content\/uploads\/2015\/12\/IMG_1384.jpg 1280w, https:\/\/www.fjs1970.se\/wp-content\/uploads\/2015\/12\/IMG_1384-300x225.jpg 300w, https:\/\/www.fjs1970.se\/wp-content\/uploads\/2015\/12\/IMG_1384-768x576.jpg 768w, https:\/\/www.fjs1970.se\/wp-content\/uploads\/2015\/12\/IMG_1384-1024x768.jpg 1024w\" sizes=\"auto, (max-width: 751px) 100vw, 751px\" \/><p id=\"caption-attachment-12686\" class=\"wp-caption-text\">I b\u00f6rjan av juli\u2026fantastiskt v\u00e4der\u2026myror i brallan\u2026drar en vecka\u2026375 mil tur och retur Kilpisj\u00e4rvi\u2026kustv\u00e4gen norrut och inlandsv\u00e4gen s\u00f6derut. Kilpisj\u00e4rvi bjuder p\u00e5 sn\u00f6 och knapp temperatur annars hyfsat v\u00e4der f\u00f6rutom sista dagen p\u00e5 hemv\u00e4gen mellan \u00c5sarna och Karlsborg, d\u00e5 regnet st\u00e5r som \u201dsp\u00f6n i backen\u201d. &#8221;Det finns inget d\u00e5ligt v\u00e4der bara&#8230;&#8221; Bra kl\u00e4dd var jag s\u00e5 det blev en h\u00e4rlig vecka p\u00e5 moppen.<\/p><\/div>\n<p><span style=\"color: #ffcc99;\">.<\/span><\/p>\n<div id=\"attachment_12677\" style=\"width: 760px\" class=\"wp-caption aligncenter\"><img loading=\"lazy\" decoding=\"async\" aria-describedby=\"caption-attachment-12677\" class=\"wp-image-12677\" src=\"http:\/\/www.fjs1970.se\/wp-content\/uploads\/2015\/12\/IMG_1392.jpg\" alt=\"IMG_1392\" width=\"750\" height=\"562\" srcset=\"https:\/\/www.fjs1970.se\/wp-content\/uploads\/2015\/12\/IMG_1392.jpg 1280w, https:\/\/www.fjs1970.se\/wp-content\/uploads\/2015\/12\/IMG_1392-300x225.jpg 300w, https:\/\/www.fjs1970.se\/wp-content\/uploads\/2015\/12\/IMG_1392-768x576.jpg 768w, https:\/\/www.fjs1970.se\/wp-content\/uploads\/2015\/12\/IMG_1392-1024x768.jpg 1024w\" sizes=\"auto, (max-width: 750px) 100vw, 750px\" \/><p id=\"caption-attachment-12677\" class=\"wp-caption-text\">P\u00e5 v\u00e4g s\u00f6derut fr\u00e5n Kilpisj\u00e4rvi blir det ett mycket trevligt bes\u00f6k hos Alf (FJS 53\/54) i Vittangi. Gemytligt tj\u00f6t om gamla FJS-historier och annat \u00f6ver en smaklig f\u00f6rmiddagsfika. En fin bokg\u00e5va f\u00e5r jag med mig n\u00e4r jag drar vidare mot Kiruna och Tornetr\u00e4sk&#8230;<\/p><\/div>\n<p style=\"text-align: left;\"><span style=\"color: #ffcc99;\">.<\/span><\/p>\n<p style=\"text-align: center;\">\u2666<\/p>\n<p><span style=\"color: #ffcc99;\">.<\/span><\/p>\n<p><span style=\"color: #ffcc99;\">.<\/span><\/p>\n<p style=\"text-align: center;\"><img loading=\"lazy\" decoding=\"async\" class=\"aligncenter size-thumbnail wp-image-5241\" src=\"http:\/\/www.fjs1970.se\/wp-content\/uploads\/2010\/06\/FJS-m\u00e4rke1-150x150.jpg\" alt=\"FJS-m\u00e4rke 1970\" width=\"150\" height=\"150\" \/><\/p>\n<h1 style=\"text-align: center;\">\u25ca<\/h1>\n","protected":false},"excerpt":{"rendered":"<p>. . B\u00e4ste Fallsk\u00e4rmsj\u00e4gare! I mitten av december samlades soldater, officerare, \u00d6B, F\u00f6rsvarsminister samt anh\u00f6riga uppe p\u00e5 f\u00e4stningen f\u00f6r en h\u00f6gtidlig medaljceremoni. Mali 02 hade kommit hem efter m\u00e5nga utmaningar i Afrika. Kvinnor och m\u00e4n som vi skickar ut i v\u00e4rlden ska vi naturligtvis ta emot p\u00e5 ett v\u00e4rdigt och respektfullt s\u00e4tt och visa att [&hellip;]<\/p>\n","protected":false},"author":1,"featured_media":0,"comment_status":"closed","ping_status":"closed","sticky":false,"template":"","format":"standard","meta":{"footnotes":""},"categories":[9],"tags":[6,5],"class_list":["post-12674","post","type-post","status-publish","format-standard","hentry","category-fjs-och-fallskarmsjagarna","tag-fallskarmsjagare","tag-fjs"],"_links":{"self":[{"href":"https:\/\/www.fjs1970.se\/index.php?rest_route=\/wp\/v2\/posts\/12674","targetHints":{"allow":["GET"]}}],"collection":[{"href":"https:\/\/www.fjs1970.se\/index.php?rest_route=\/wp\/v2\/posts"}],"about":[{"href":"https:\/\/www.fjs1970.se\/index.php?rest_route=\/wp\/v2\/types\/post"}],"author":[{"embeddable":true,"href":"https:\/\/www.fjs1970.se\/index.php?rest_route=\/wp\/v2\/users\/1"}],"replies":[{"embeddable":true,"href":"https:\/\/www.fjs1970.se\/index.php?rest_route=%2Fwp%2Fv2%2Fcomments&post=12674"}],"version-history":[{"count":91,"href":"https:\/\/www.fjs1970.se\/index.php?rest_route=\/wp\/v2\/posts\/12674\/revisions"}],"predecessor-version":[{"id":12776,"href":"https:\/\/www.fjs1970.se\/index.php?rest_route=\/wp\/v2\/posts\/12674\/revisions\/12776"}],"wp:attachment":[{"href":"https:\/\/www.fjs1970.se\/index.php?rest_route=%2Fwp%2Fv2%2Fmedia&parent=12674"}],"wp:term":[{"taxonomy":"category","embeddable":true,"href":"https:\/\/www.fjs1970.se\/index.php?rest_route=%2Fwp%2Fv2%2Fcategories&post=12674"},{"taxonomy":"post_tag","embeddable":true,"href":"https:\/\/www.fjs1970.se\/index.php?rest_route=%2Fwp%2Fv2%2Ftags&post=12674"}],"curies":[{"name":"wp","href":"https:\/\/api.w.org\/{rel}","templated":true}]}}