{"id":11753,"date":"2013-08-01T09:46:48","date_gmt":"2013-08-01T07:46:48","guid":{"rendered":"http:\/\/www.fjs1970.se\/?p=11753"},"modified":"2013-08-23T21:48:12","modified_gmt":"2013-08-23T19:48:12","slug":"lite-sommartjot-och-ett-par-meddelanden","status":"publish","type":"post","link":"https:\/\/www.fjs1970.se\/?p=11753","title":{"rendered":"Lite Sommartj\u00f6t och ett par meddelanden"},"content":{"rendered":"<div id=\"attachment_11775\" style=\"width: 747px\" class=\"wp-caption aligncenter\"><img loading=\"lazy\" decoding=\"async\" aria-describedby=\"caption-attachment-11775\" class=\"wp-image-11775         \" alt=\"Moppen\" src=\"http:\/\/www.fjs1970.se\/wp-content\/uploads\/2013\/07\/Moppen-1024x608.jpg\" width=\"737\" height=\"437\" srcset=\"https:\/\/www.fjs1970.se\/wp-content\/uploads\/2013\/07\/Moppen-1024x608.jpg 1024w, https:\/\/www.fjs1970.se\/wp-content\/uploads\/2013\/07\/Moppen-300x178.jpg 300w, https:\/\/www.fjs1970.se\/wp-content\/uploads\/2013\/07\/Moppen.jpg 1280w\" sizes=\"auto, (max-width: 737px) 100vw, 737px\" \/><p id=\"caption-attachment-11775\" class=\"wp-caption-text\">Lugn och tillf\u00f6rlitlig, om \u00e4n lite bullrigt, drygt 6000 mil och -Still going strong-<\/p><\/div>\n<p><span style=\"color: #efd5a9;\">.<\/span><\/p>\n<h5>V\u00e4sterut till gamla hemtrakter&#8230;<\/h5>\n<p>I m\u00e5nadsskiftet juni\/juli g\u00f6r jag en tur till norra Bohusl\u00e4n och trakter d\u00e4r jag tidigare varit bosatt under m\u00e5nga \u00e5r. V\u00e4gen fr\u00e5n Karlsborg g\u00e5r via V\u00e4nersborg, Mellerud, H\u00e5verud, Dals L\u00e5nged, Ed, Kornsj\u00f6, Prestebakke, H\u00e5vedalen och fram till Fl\u00f6ghult-Krokstrand. Fantastiska v\u00e4gar b\u00e5de genom V\u00e4sterg\u00f6tland, Dalsland och Bohusl\u00e4n och en verklig go k\u00e4nsla att med en stadig packning f\u00e5 glida fram p\u00e5 Moppen i solgasset med en temperatur som \u00e4r s\u00e5d\u00e4r precis lagom.<\/p>\n<p>Under n\u00e5gra dagar bor jag p\u00e5 vandrarhemmet i Krokstrand och bes\u00f6ker v\u00e4lk\u00e4nda platser, gamla jaktmarker och tr\u00e4ffar \u00e4ven n\u00e5gra k\u00e4nda ansikten. Det \u00e4r alltid med varm och behaglig k\u00e4nsla som jag \u00e5terv\u00e4nder till dessa trakter&#8230;<\/p>\n<p><span style=\"color: #efd5a9;\">.<\/span><\/p>\n<div id=\"attachment_11776\" style=\"width: 747px\" class=\"wp-caption aligncenter\"><img loading=\"lazy\" decoding=\"async\" aria-describedby=\"caption-attachment-11776\" class=\"wp-image-11776  \" alt=\"Krokstrands Folkets hus\" src=\"http:\/\/www.fjs1970.se\/wp-content\/uploads\/2013\/07\/Krokstrands-Folkets-hus-1024x768.jpg\" width=\"737\" height=\"553\" srcset=\"https:\/\/www.fjs1970.se\/wp-content\/uploads\/2013\/07\/Krokstrands-Folkets-hus-1024x768.jpg 1024w, https:\/\/www.fjs1970.se\/wp-content\/uploads\/2013\/07\/Krokstrands-Folkets-hus-300x225.jpg 300w, https:\/\/www.fjs1970.se\/wp-content\/uploads\/2013\/07\/Krokstrands-Folkets-hus.jpg 1280w\" sizes=\"auto, (max-width: 737px) 100vw, 737px\" \/><p id=\"caption-attachment-11776\" class=\"wp-caption-text\">Krokstrands Folkets hus i norra Bohusl\u00e4n<\/p><\/div>\n<p><span style=\"color: #efd5a9;\">.<\/span><\/p>\n<p><span style=\"color: #efd5a9;\">.<\/span><\/p>\n<p style=\"text-align: center;\">\u2666<\/p>\n<p><span style=\"color: #efd5a9;\">.<\/span><\/p>\n<h5>&#8230; d\u00e4refter \u00f6sterut till Upplands V\u00e4sby<\/h5>\n<div id=\"attachment_11769\" style=\"width: 747px\" class=\"wp-caption aligncenter\"><img loading=\"lazy\" decoding=\"async\" aria-describedby=\"caption-attachment-11769\" class=\"wp-image-11769    \" alt=\"Nibble V\u00e4sby\" src=\"http:\/\/www.fjs1970.se\/wp-content\/uploads\/2013\/07\/Nibble-V\u00e4sby-1024x768.jpg\" width=\"737\" height=\"553\" srcset=\"https:\/\/www.fjs1970.se\/wp-content\/uploads\/2013\/07\/Nibble-V\u00e4sby-1024x768.jpg 1024w, https:\/\/www.fjs1970.se\/wp-content\/uploads\/2013\/07\/Nibble-V\u00e4sby-300x225.jpg 300w, https:\/\/www.fjs1970.se\/wp-content\/uploads\/2013\/07\/Nibble-V\u00e4sby.jpg 1280w\" sizes=\"auto, (max-width: 737px) 100vw, 737px\" \/><p id=\"caption-attachment-11769\" class=\"wp-caption-text\">Patron h\u00e5ller hov vid middagsbordet i det vackra Nibble-hemmet<\/p><\/div>\n<p><span style=\"color: #efd5a9;\">.<\/span><\/p>\n<p>N\u00e5gra dagar efter bes\u00f6ket i Bohusl\u00e4n styr jag kosan mot Tor och Nina i Upplands V\u00e4sby. Den h\u00e4r g\u00e5ngen v\u00e4ljer jag v\u00e4gen s\u00f6der om Hj\u00e4lmaren via L\u00e4ppe och Julita fram till Eskilstuna-Str\u00e4ngn\u00e4s och vidare mot Enk\u00f6ping. D\u00e4refter Erikssund, Sigtuna, M\u00e4rsta och Upplands V\u00e4sby. Vackra fina sommarv\u00e4gar och riktigt g\u00f6tt v\u00e4der. Vid Nibble-kr\u00f6ken p\u00e5 Vallentunav\u00e4gen v\u00e4lkomnas jag av trevliga ungdomar och en stor iskall \u00f6l.<\/p>\n<p>N\u00e5gra trevliga dagar tillsammans med Tor och Nina med familj och v\u00e4nner. God mat och dryck, fint v\u00e4der, badbalja, countryfestival, roll med Urbans Yak-52 f\u00f6r Josefin samtidigt som Tor och jag utf\u00f6rde lite m\u00e5lningsarbete p\u00e5 gaveln av g\u00e4sthuset. \u00c5terresan till Karlsborg p\u00e5 vackra v\u00e4gar i sk\u00f6nt sommarv\u00e4der.<\/p>\n<p><span style=\"color: #efd5a9;\">.<\/span><\/p>\n<p><span style=\"color: #efd5a9;\">.<\/span><\/p>\n<p style=\"text-align: center;\">\u2666<\/p>\n<h5><span style=\"color: #efd5a9;\">.<\/span><\/h5>\n<h5>Kajak i Stockholms sk\u00e4rg\u00e5rd<\/h5>\n<div id=\"attachment_11755\" style=\"width: 747px\" class=\"wp-caption aligncenter\"><img loading=\"lazy\" decoding=\"async\" aria-describedby=\"caption-attachment-11755\" class=\"wp-image-11755     \" alt=\"Kajak Sthlm\" src=\"http:\/\/www.fjs1970.se\/wp-content\/uploads\/2013\/07\/Kajak-Sthlm-1024x393.jpg\" width=\"737\" height=\"283\" srcset=\"https:\/\/www.fjs1970.se\/wp-content\/uploads\/2013\/07\/Kajak-Sthlm-1024x393.jpg 1024w, https:\/\/www.fjs1970.se\/wp-content\/uploads\/2013\/07\/Kajak-Sthlm-300x115.jpg 300w, https:\/\/www.fjs1970.se\/wp-content\/uploads\/2013\/07\/Kajak-Sthlm.jpg 1280w\" sizes=\"auto, (max-width: 737px) 100vw, 737px\" \/><p id=\"caption-attachment-11755\" class=\"wp-caption-text\">Fia instruerar novisen. H\u00e4ftigt!<\/p><\/div>\n<p><span style=\"color: #efd5a9;\">.<\/span><\/p>\n<p>Min dotter Fia, som strax \u00e4r p\u00e5 v\u00e4g till Montana f\u00f6r att tillbringa h\u00f6stterminen d\u00e4r, bjuder in mig till en h\u00e4ftig upplevelse med kajaktur\/\u00f6vernattning under f\u00e4ltm\u00e4ssiga f\u00f6rh\u00e5llanden i Stockholms sk\u00e4rg\u00e5rd. Fia som l\u00e4ser till gympa-l\u00e4rare p\u00e5 GIH och \u00e4ven har ett \u00e5rs v\u00e4rnplikt i bagaget \u00e4r en trygg, lugn och erfaren instrukt\u00f6r. Dock, eftersom v\u00e4derprognosen varnar f\u00f6r nordlig vind med kuling p\u00e5 femton sekundmeter och d\u00e5 jag aldrig suttit i en dylik farkost tidigare \u00e4r jag en aning bet\u00e4nksam, men min goa dotter \u00f6vertalar mig och en eventuell tveksamhet f\u00f6rsvinner.\u00a0Det blir en h\u00e4rlig upplevelse i gott v\u00e4der, med avtagande vind, tuff paddling, stormk\u00f6k, t\u00e4lt och naturligtvis ett mysigt l\u00e4gerliv. Praeparatus supervivet&#8230;<\/p>\n<p>Tillbaka vid Frescati dagen efter med \u00f6mmande tummar som enda men, hj\u00e4lps vi \u00e5t att lasta ur och \u00e5terl\u00e4mna kajaken. En h\u00e4rlig erfarenhet rikare och med en insikt om att kajak inte nyttjats f\u00f6r sista g\u00e5ngen. Moppen kommer att f\u00e5 konkurrens&#8230;<\/p>\n<p><span style=\"color: #efd5a9;\">.<\/span><\/p>\n<div id=\"attachment_11824\" style=\"width: 747px\" class=\"wp-caption aligncenter\"><img loading=\"lazy\" decoding=\"async\" aria-describedby=\"caption-attachment-11824\" class=\" wp-image-11824\" alt=\"Middag\" src=\"http:\/\/www.fjs1970.se\/wp-content\/uploads\/2013\/07\/Middag-1024x665.jpg\" width=\"737\" height=\"479\" srcset=\"https:\/\/www.fjs1970.se\/wp-content\/uploads\/2013\/07\/Middag-1024x665.jpg 1024w, https:\/\/www.fjs1970.se\/wp-content\/uploads\/2013\/07\/Middag-300x195.jpg 300w, https:\/\/www.fjs1970.se\/wp-content\/uploads\/2013\/07\/Middag.jpg 1280w\" sizes=\"auto, (max-width: 737px) 100vw, 737px\" \/><p id=\"caption-attachment-11824\" class=\"wp-caption-text\">Soldatens \u00c4rtsoppa serverades till middag<\/p><\/div>\n<p><span style=\"color: #efd5a9;\">.<\/span><\/p>\n<p style=\"text-align: center;\">\u2666<\/p>\n<p><span style=\"color: #efd5a9;\">.<\/span><\/p>\n<h5>Fallsk\u00e4rmsj\u00e4garbastun<\/h5>\n<p>F\u00f6rsommarens inbjudan till bastubad och tj\u00f6t p\u00e5 Sk\u00e4rmen f\u00f6r i huvudsak oss Bl\u00e5 Dj\u00e4vlar fick d\u00e5ligt gensvar. Konstigt, har inget minne av n\u00e5gra badkrukor bland oss&#8230;? Vi blev tv\u00e5 deltagare och valde d\u00e5 att st\u00e4lla in arrangemanget.<\/p>\n<p><span style=\"color: #edc981;\">.<\/span><\/p>\n<div id=\"attachment_11904\" style=\"width: 747px\" class=\"wp-caption aligncenter\"><img loading=\"lazy\" decoding=\"async\" aria-describedby=\"caption-attachment-11904\" class=\" wp-image-11904    \" alt=\"Bastubryggan\" src=\"http:\/\/www.fjs1970.se\/wp-content\/uploads\/2013\/07\/Bastubryggan-1024x502.jpg\" width=\"737\" height=\"362\" srcset=\"https:\/\/www.fjs1970.se\/wp-content\/uploads\/2013\/07\/Bastubryggan-1024x502.jpg 1024w, https:\/\/www.fjs1970.se\/wp-content\/uploads\/2013\/07\/Bastubryggan-300x147.jpg 300w, https:\/\/www.fjs1970.se\/wp-content\/uploads\/2013\/07\/Bastubryggan.jpg 1280w\" sizes=\"auto, (max-width: 737px) 100vw, 737px\" \/><p id=\"caption-attachment-11904\" class=\"wp-caption-text\">\u00c5 andra sidan \u00e4r bastubryggan j\u00e4vligt sv\u00e5r att \u00e4ntra just nu n\u00e4r de gamla bev\u00e4ringarna Lidberg och Andersson r\u00e4ttar till sina fad\u00e4ser :).<\/p><\/div>\n<p><span style=\"color: #f1dab0;\">.<\/span><\/p>\n<p><span style=\"color: #f1dab0;\">.<\/span><\/p>\n<p style=\"text-align: center;\">\u2666<\/p>\n<p style=\"text-align: left;\"><span style=\"color: #f1dab0;\">.<\/span><\/p>\n<h5>Clifford M\u00e5nstr\u00f6m avliden<\/h5>\n<p>Den 1 juli avled Clifford M\u00e5nstr\u00f6m (235) efter en tids sjukdom. Clifford flyttade f\u00f6r n\u00e5gra \u00e5r sedan till Rio de Janeiro i Brasilien och var vid sin bortg\u00e5ng bosatt d\u00e4r. D\u00f6dsannonsen nedan \u00e4r fr\u00e5n Dagens Nyheter idag, 1 augusti 2013. <a title=\"Minnesord, Clifford M\" href=\"http:\/\/www.fjs1970.se\/wp-content\/uploads\/2013\/08\/PressDisplay.com-Clifford-M\u00e5nstr\u00f6m-13-Aug-2013-Page-51.pdf\" target=\"_blank\">Minnesord<\/a>.<\/p>\n<p><span style=\"color: #edc981;\">.<\/span><\/p>\n<p style=\"text-align: center;\"><img loading=\"lazy\" decoding=\"async\" class=\"aligncenter  wp-image-11918\" alt=\"Clifford\" src=\"http:\/\/www.fjs1970.se\/wp-content\/uploads\/2013\/08\/Clifford-376x1024.jpg\" width=\"263\" height=\"717\" srcset=\"https:\/\/www.fjs1970.se\/wp-content\/uploads\/2013\/08\/Clifford-376x1024.jpg 376w, https:\/\/www.fjs1970.se\/wp-content\/uploads\/2013\/08\/Clifford-110x300.jpg 110w, https:\/\/www.fjs1970.se\/wp-content\/uploads\/2013\/08\/Clifford.jpg 470w\" sizes=\"auto, (max-width: 263px) 100vw, 263px\" \/><\/p>\n<p><span style=\"color: #efd5a9;\">.<\/span><\/p>\n<p><span style=\"color: #efd5a9;\">.<\/span><\/p>\n<p style=\"text-align: center;\">\u2666<\/p>\n<p style=\"text-align: left;\"><span style=\"color: #efd5a9;\">.<\/span><\/p>\n<h5 style=\"text-align: left;\">-FJS dag den 31 augusti- <a title=\"Program FJS-dag 2013\" href=\"http:\/\/www.fallskarmsjagarna.se\/klubbens-aktiviteter\/fallskaermsjaegarnas-dag\/helgens-program\" target=\"_blank\">Program<\/a><\/h5>\n<p>Information om FJS-dag den 31 augusti hittar du p\u00e5 <a title=\"Klubbens hemsida\" href=\"http:\/\/www.fallskarmsjagarna.se\" target=\"_blank\">Fallsk\u00e4rmsj\u00e4garklubbens hemsida h\u00e4r!<\/a><\/p>\n<div>Kom ih\u00e5g att ta ett gruppfoto i samband med uppst\u00e4llningen om jag skulle vara fr\u00e5nvarande (f\u00f6r annars g\u00f6r jag det sj\u00e4lv) s\u00e5 att jag kan publicera de n\u00e4rvarande h\u00e4r p\u00e5 hemsidan!<\/div>\n<div><span style=\"color: #f3e0b8;\">.<\/span><\/div>\n<p><span style=\"color: #efd5a9;\">.<\/span><\/p>\n<p style=\"text-align: center;\">\u2666<\/p>\n<p style=\"text-align: left;\"><span style=\"color: #f1deb1;\">.<\/span><\/p>\n<p style=\"text-align: left;\">Ha en fortsatt trevlig sommar och s\u00e5 ses vi i slutet av augusti,<\/p>\n<p style=\"text-align: left;\"><span style=\"color: #f3d8a4;\">.<\/span><\/p>\n<p style=\"text-align: left;\">Karlsborg den 1 augusti 2013<\/p>\n<p>201 Svante<\/p>\n<p>0706-913891<\/p>\n<p>l.svante.larsson@gmail.com<\/p>\n<p><span style=\"color: #efd5a9;\">.<\/span><\/p>\n<p><strong>PS. Skicka g\u00e4rna inl\u00e4gg och\/eller bilder, gammalt eller nytt, f\u00f6r publicering h\u00e4r p\u00e5 hemsidan! DS.<\/strong><\/p>\n<p><span style=\"color: #efd5a9;\">.<\/span><\/p>\n<p><span style=\"color: #eccea1;\">.<\/span><\/p>\n<p><img loading=\"lazy\" decoding=\"async\" class=\"aligncenter size-thumbnail wp-image-5241\" alt=\"FJS-m\u00e4rke 1970\" src=\"http:\/\/www.fjs1970.se\/wp-content\/uploads\/2010\/06\/FJS-m\u00e4rke1-150x150.jpg\" width=\"150\" height=\"150\" \/><\/p>\n<h1 style=\"text-align: center;\">\u25ca<\/h1>\n","protected":false},"excerpt":{"rendered":"<p>. V\u00e4sterut till gamla hemtrakter&#8230; I m\u00e5nadsskiftet juni\/juli g\u00f6r jag en tur till norra Bohusl\u00e4n och trakter d\u00e4r jag tidigare varit bosatt under m\u00e5nga \u00e5r. V\u00e4gen fr\u00e5n Karlsborg g\u00e5r via V\u00e4nersborg, Mellerud, H\u00e5verud, Dals L\u00e5nged, Ed, Kornsj\u00f6, Prestebakke, H\u00e5vedalen och fram till Fl\u00f6ghult-Krokstrand. Fantastiska v\u00e4gar b\u00e5de genom V\u00e4sterg\u00f6tland, Dalsland och Bohusl\u00e4n och en verklig go [&hellip;]<\/p>\n","protected":false},"author":1,"featured_media":0,"comment_status":"closed","ping_status":"closed","sticky":false,"template":"","format":"standard","meta":{"footnotes":""},"categories":[9],"tags":[157,155,6,5,153,156,154],"class_list":["post-11753","post","type-post","status-publish","format-standard","hentry","category-fjs-och-fallskarmsjagarna","tag-cavalli-bjorkman","tag-clifford-manstrom","tag-fallskarmsjagare","tag-fjs","tag-krokstrand","tag-nibblekroken","tag-praeparatus-supervivet"],"_links":{"self":[{"href":"https:\/\/www.fjs1970.se\/index.php?rest_route=\/wp\/v2\/posts\/11753","targetHints":{"allow":["GET"]}}],"collection":[{"href":"https:\/\/www.fjs1970.se\/index.php?rest_route=\/wp\/v2\/posts"}],"about":[{"href":"https:\/\/www.fjs1970.se\/index.php?rest_route=\/wp\/v2\/types\/post"}],"author":[{"embeddable":true,"href":"https:\/\/www.fjs1970.se\/index.php?rest_route=\/wp\/v2\/users\/1"}],"replies":[{"embeddable":true,"href":"https:\/\/www.fjs1970.se\/index.php?rest_route=%2Fwp%2Fv2%2Fcomments&post=11753"}],"version-history":[{"count":156,"href":"https:\/\/www.fjs1970.se\/index.php?rest_route=\/wp\/v2\/posts\/11753\/revisions"}],"predecessor-version":[{"id":11943,"href":"https:\/\/www.fjs1970.se\/index.php?rest_route=\/wp\/v2\/posts\/11753\/revisions\/11943"}],"wp:attachment":[{"href":"https:\/\/www.fjs1970.se\/index.php?rest_route=%2Fwp%2Fv2%2Fmedia&parent=11753"}],"wp:term":[{"taxonomy":"category","embeddable":true,"href":"https:\/\/www.fjs1970.se\/index.php?rest_route=%2Fwp%2Fv2%2Fcategories&post=11753"},{"taxonomy":"post_tag","embeddable":true,"href":"https:\/\/www.fjs1970.se\/index.php?rest_route=%2Fwp%2Fv2%2Ftags&post=11753"}],"curies":[{"name":"wp","href":"https:\/\/api.w.org\/{rel}","templated":true}]}}