{"id":11350,"date":"2012-12-20T05:06:20","date_gmt":"2012-12-20T04:06:20","guid":{"rendered":"http:\/\/www.fjs1970.se\/?p=11350"},"modified":"2012-12-20T05:13:45","modified_gmt":"2012-12-20T04:13:45","slug":"thore-sam-samuelsson-90-ar","status":"publish","type":"post","link":"https:\/\/www.fjs1970.se\/?p=11350","title":{"rendered":"Thore &#8221;Sam&#8221; Samuelsson 90 \u00e5r"},"content":{"rendered":"<p style=\"text-align: center;\"><img loading=\"lazy\" decoding=\"async\" class=\"aligncenter  wp-image-11362\" title=\"Sam 1\" alt=\"\" src=\"http:\/\/www.fjs1970.se\/wp-content\/uploads\/2012\/11\/Sam-1-1019x1024.jpg\" width=\"815\" height=\"819\" srcset=\"https:\/\/www.fjs1970.se\/wp-content\/uploads\/2012\/11\/Sam-1-1019x1024.jpg 1019w, https:\/\/www.fjs1970.se\/wp-content\/uploads\/2012\/11\/Sam-1-150x150.jpg 150w, https:\/\/www.fjs1970.se\/wp-content\/uploads\/2012\/11\/Sam-1-298x300.jpg 298w, https:\/\/www.fjs1970.se\/wp-content\/uploads\/2012\/11\/Sam-1.jpg 1274w\" sizes=\"auto, (max-width: 815px) 100vw, 815px\" \/><\/p>\n<p><span style=\"color: #f0d19d;\">.<\/span><\/p>\n<h5>En Go Gubbe fyller 90 \u00e5r<\/h5>\n<p>Thore \u201dSam\u201d Samuelsson, genuin veteran och legendar inom Arm\u00e9ns Fallsk\u00e4rmsj\u00e4garskola, fyller 90 \u00e5r. I en artikel l\u00e4ngre ner p\u00e5 den h\u00e4r sidan, h\u00e4mtat ur tidningen \u00d6rnen fr\u00e5n 1978, ber\u00e4ttar Sam sj\u00e4lv om sin tid vid FJS fr\u00e5n \u00e5r 1952 fram till sin pensionering \u00e5r 1978.\u00a0P\u00e5 familjesidan i Skaraborgs Allehanda den 18 december finner Ni Rolf K\u00e4cks trevliga ber\u00e4ttelse om Sam. <a title=\"SLA Familjesida 121218\" href=\"http:\/\/www.fjs1970.se\/wp-content\/uploads\/2012\/12\/famsidorna_18dec_delad.pdf\" target=\"_blank\">Klicka h\u00e4r f\u00f6r SLA:s familjesida!<\/a><\/p>\n<p>Det \u00e4r med gl\u00e4dje som jag de senaste \u00e5ren haft f\u00f6rm\u00e5nen att under m\u00e5nga FJS-luncher och fikastunder f\u00e5 tr\u00e4ffa Dig och Britt och h\u00f6rt m\u00e5nga roliga ber\u00e4ttelser ur Ditt kristallklara minne. Sam du \u00e4r en genuin Go Gubbe med hj\u00e4rtat p\u00e5 r\u00e4tt st\u00e4lle!<\/p>\n<h5>Ett stort och hj\u00e4rtligt grattis p\u00e5 Din 90-\u00e5rsdag!<\/h5>\n<p><span style=\"color: #f0d19d;\">.<\/span><\/p>\n<p><span style=\"color: #f0d19d;\">.<\/span><\/p>\n<p style=\"text-align: center;\">\u00a0\u2666<\/p>\n<p style=\"text-align: left;\"><span style=\"color: #f0d19d;\">.<\/span><\/p>\n<h5 style=\"text-align: left;\">Per Lidman avliden<\/h5>\n<p style=\"text-align: left;\">Den 14 november gick Per Lidman bort i en \u00e5lder av 77 \u00e5r. Per, som var rustm\u00e4stare n\u00e4r vi gjorde v\u00e5r v\u00e4rnplikt 1970\/71, var bosatt i Karlsborg.\u00a0<a title=\"Per Lidman annons\" href=\"http:\/\/www.familjesidan.se\/search?field_adpersonname_value=Per&amp;field_adpersonfamilyname_value=Lidman&amp;field_adpersondateofborn_value%5Bvalue%5D%5Bdate%5D=&amp;field_adpersondateofdied_value_1%5Bvalue%5D%5Bdate%5D=2012-11-14\" target=\"_blank\">Se annons!<\/a><\/p>\n<p style=\"text-align: left;\"><span style=\"color: #f0d19d;\">.<\/span><\/p>\n<p style=\"text-align: left;\"><span style=\"color: #f0d19d;\">.<\/span><\/p>\n<p style=\"text-align: center;\">\u2666<\/p>\n<p style=\"text-align: left;\"><span style=\"color: #f0d19d;\">.<\/span><\/p>\n<h5 style=\"text-align: left;\">En God Jul och Ett Gott Nytt \u00c5r<\/h5>\n<p style=\"text-align: left;\">Julen n\u00e4rmar sig och 2012 lider mot sitt slut. 2013 st\u00e5r f\u00f6r d\u00f6rren och s\u00e5 l\u00e4nge h\u00e4lsan och nyfikenheten st\u00e5r oss bi s\u00e5 \u00e4r vi bra rustade. Sj\u00e4lv blir jag pension\u00e4r och f\u00f6rutom trevliga uppdrag med F\u00d6S, som f\u00f6rhoppningsvis forts\u00e4tter m\u00e5nga \u00e5r till, s\u00e5 \u00f6kar m\u00f6jligheten att under lugna former f\u00f6rkovra sig, \u00e5ka hoj och vidga sina vyer.<\/p>\n<p>\u2026&#8221;the more you learn the less you know\u2026<\/p>\n<p style=\"text-align: left;\"><span style=\"color: #f0d19d;\">.<\/span><\/p>\n<p>Karlsborg den 20 december 2012 med \u00f6nskan till Er alla om<\/p>\n<p>En God Jul och Ett Gott Nytt \u00c5r<\/p>\n<p>201 Svante<\/p>\n<p><span style=\"color: #f0d19d;\">.<\/span><\/p>\n<p style=\"text-align: center;\">\u2666<\/p>\n<p style=\"text-align: left;\"><span style=\"color: #f0d19d;\">.<\/span><\/p>\n<h5>Sams egna ord vid sin pensionering 1978<\/h5>\n<p><span style=\"color: #0000ff;\"><em>\u00c5ret \u00e4r 1951, platsen ett bef\u00e4lsrum p\u00e5 Svea Livgarde, det var s\u00e5 det b\u00f6rjade. L\u00f6jtnant Olle Falkerheim, som redan d\u00e5 genomg\u00e5tt fallsk\u00e4rmsutbildning i England och varit chefsinstrukt\u00f6r p\u00e5 f\u00f6rs\u00f6kskurs f\u00f6r bef\u00e4l 1951, tj\u00e4nstgjorde p\u00e5 samma kompani som undertecknad. Fallsk\u00e4rmsj\u00e4garskolan skulle organiseras och s\u00e4ttas upp i febr 1952. Att Falkerheim var ute f\u00f6r att v\u00e4rva bef\u00e4l till skolans f\u00f6rsta upps\u00e4ttning, fick jag klart f\u00f6r mig, d\u00e5 jag dagen f\u00f6re julledigheten stack in huvudet till honom i hans bef\u00e4lsrum och \u00f6nskade God jul. Kort och milit\u00e4riskt som var k\u00e4nnetecken f\u00f6r honom sa han: \u201dSamuelsson ska bli fallsk\u00e4rmsj\u00e4gare, fundera \u00f6ver helgen\u201d. \u00d6verraskningen var fullst\u00e4ndig, och jag svarade s\u00e5 sm\u00e5ningom ungef\u00e4r som s\u00e5, att det passar jag nog inte till och hoppa fallsk\u00e4rm det kunde jag nog inte riktigt t\u00e4nka mig. Falkerheim, som var en god psykolog, f\u00f6rklarade att det var nog inte tvunget det beh\u00f6vdes duktiga trupputbildare p\u00e5 marken ocks\u00e5. Med den tr\u00f6sten funderade jag \u00f6ver helgen.Efter en nerv\u00f6s helg meddelade jag mitt beslut, som jag aldrig \u00e5ngrat.<\/em><\/span><\/p>\n<p><span style=\"color: #0000ff;\"><em>Hade jag f\u00f6rm\u00e5gan, skulle jag kunna skriva en hel bok om alla trevliga stunder och fantastiska upplevelser, jag haft h\u00e4r p\u00e5 skolan. Att jag som bef\u00e4l i h\u00f6gsta grad varit priviligierad genom att ha f\u00e5tt tj\u00e4nstg\u00f6ra h\u00e4r p\u00e5 skolan i hela 26 \u00e5r \u00e4r helt klart, orsakerna och f\u00f6rdelarna har varit m\u00e5nga.<\/em><\/span><\/p>\n<p><span style=\"color: #0000ff;\"><em>Fr\u00e4mst s\u00e4tter jag det fina f\u00f6rh\u00e5llande, som alltid varit r\u00e5dande mellan all personal vid skolan, det gensvar man f\u00e5tt av fallsk\u00e4rmsj\u00e4gare vid alla \u00e5rskullar under utbildningsarbetet har varit stimulerande i h\u00f6gsta grad. M\u00e5nga duktiga bef\u00e4lskamrater har hunnit passera p\u00e5 skolan under \u00e5rens lopp, det har bara varit att ta emot av deras stora kunnande inom alla omr\u00e5den, idrottens inte att f\u00f6rgl\u00f6mma.<\/em><\/span><\/p>\n<p><span style=\"color: #0000ff;\"><em>Som var och en f\u00f6rst\u00e5r, s\u00e5 har det f\u00f6r mig varit en fantastisk tid och den bel\u00f6ningen vore tillr\u00e4cklig, men icke s\u00e5. Sista tiden p\u00e5 FJS har jag f\u00e5tt erfara stor hedersbevisning. Det b\u00f6rjade p\u00e5 FJS dag med \u00f6verste Carlborgs tack och den spontana hyllning jag fick av \u00e5sk\u00e5darna i tr\u00e4ningshallen, jag blev djupt r\u00f6rd.<\/em><\/span><\/p>\n<p><span style=\"color: #0000ff;\"><em>Tack f\u00f6r alla brev, telegram och annan uppvaktning jag f\u00e5tt fr\u00e5n n\u00e4r och fj\u00e4rran.<\/em><\/span><\/p>\n<p><span style=\"color: #0000ff;\"><em>Kan inte i ord beskriva hur det k\u00e4ndes n\u00e4r skolans all personal med skolchefen framf\u00f6r fronten tog emot mig vid mitt sista tj\u00e4nstehopp, fredagen den 14 april 1978 p\u00e5 Flugebyn. N\u00e4r jag sprang fram till skolchefen Thorbj\u00f6rn Elming och anm\u00e4lde mig efter sista hoppet k\u00e4ndes det inte precis lika, som d\u00e5 jag 26 \u00e5r tidigare hade anm\u00e4lt mig f\u00f6r kapten Carlborg efter f\u00f6rsta hoppet. Men det k\u00e4ndes sk\u00f6nt i alla fall, fast p\u00e5 n\u00e5got annat s\u00e4tt. Cirkeln var sluten, salut sk\u00f6ts, fallsk\u00e4rmsj\u00e4garnas marsch spelades. Sam darrade i kn\u00e4vecken, en t\u00e5r bl\u00e4nkte i \u00f6gat.<\/em><\/span><\/p>\n<p><span style=\"color: #f0d19d;\">.<\/span><\/p>\n<p style=\"text-align: center;\"><img loading=\"lazy\" decoding=\"async\" class=\"size-full wp-image-11388 aligncenter\" title=\"Hoppare_g\u00e5\" alt=\"\" src=\"http:\/\/www.fjs1970.se\/wp-content\/uploads\/2012\/11\/Hoppare_g\u00e5.jpg\" width=\"581\" height=\"441\" srcset=\"https:\/\/www.fjs1970.se\/wp-content\/uploads\/2012\/11\/Hoppare_g\u00e5.jpg 581w, https:\/\/www.fjs1970.se\/wp-content\/uploads\/2012\/11\/Hoppare_g\u00e5-300x227.jpg 300w\" sizes=\"auto, (max-width: 581px) 100vw, 581px\" \/><\/p>\n<p><span style=\"color: #f0d19d;\">.<\/span><\/p>\n<p><img loading=\"lazy\" decoding=\"async\" class=\"aligncenter size-full wp-image-11389\" title=\"Tore Samuelsson\" alt=\"\" src=\"http:\/\/www.fjs1970.se\/wp-content\/uploads\/2012\/11\/Tore-Samuelsson.jpg\" width=\"294\" height=\"319\" srcset=\"https:\/\/www.fjs1970.se\/wp-content\/uploads\/2012\/11\/Tore-Samuelsson.jpg 294w, https:\/\/www.fjs1970.se\/wp-content\/uploads\/2012\/11\/Tore-Samuelsson-276x300.jpg 276w\" sizes=\"auto, (max-width: 294px) 100vw, 294px\" \/><\/p>\n<p><span style=\"color: #f0d19d;\">.<\/span><\/p>\n<p style=\"text-align: center;\"><img loading=\"lazy\" decoding=\"async\" class=\"aligncenter  wp-image-11383\" title=\"Sam\" alt=\"\" src=\"http:\/\/www.fjs1970.se\/wp-content\/uploads\/2012\/11\/Sam.jpg\" width=\"764\" height=\"510\" srcset=\"https:\/\/www.fjs1970.se\/wp-content\/uploads\/2012\/11\/Sam.jpg 955w, https:\/\/www.fjs1970.se\/wp-content\/uploads\/2012\/11\/Sam-300x200.jpg 300w\" sizes=\"auto, (max-width: 764px) 100vw, 764px\" \/><\/p>\n<p><span style=\"color: #f0d19d;\">.<\/span><\/p>\n<p><img loading=\"lazy\" decoding=\"async\" class=\"aligncenter size-large wp-image-11371\" title=\"Sam 2\" alt=\"\" src=\"http:\/\/www.fjs1970.se\/wp-content\/uploads\/2012\/11\/Sam-2-686x1024.jpg\" width=\"686\" height=\"1024\" srcset=\"https:\/\/www.fjs1970.se\/wp-content\/uploads\/2012\/11\/Sam-2-686x1024.jpg 686w, https:\/\/www.fjs1970.se\/wp-content\/uploads\/2012\/11\/Sam-2-201x300.jpg 201w, https:\/\/www.fjs1970.se\/wp-content\/uploads\/2012\/11\/Sam-2.jpg 858w\" sizes=\"auto, (max-width: 686px) 100vw, 686px\" \/><\/p>\n<p><span style=\"color: #f0d19d;\">..<\/span><\/p>\n<p><span style=\"color: #f0d19d;\">.<\/span><\/p>\n<p><span style=\"color: #f0d19d;\">.<\/span><\/p>\n<p><img loading=\"lazy\" decoding=\"async\" class=\"aligncenter size-thumbnail wp-image-5241\" title=\"FJS-m\u00e4rke 1970\" alt=\"\" src=\"http:\/\/www.fjs1970.se\/wp-content\/uploads\/2010\/06\/FJS-m\u00e4rke1-150x150.jpg\" width=\"150\" height=\"150\" \/><\/p>\n<h1 style=\"text-align: center;\">\u25ca<\/h1>\n","protected":false},"excerpt":{"rendered":"<p>. En Go Gubbe fyller 90 \u00e5r Thore \u201dSam\u201d Samuelsson, genuin veteran och legendar inom Arm\u00e9ns Fallsk\u00e4rmsj\u00e4garskola, fyller 90 \u00e5r. I en artikel l\u00e4ngre ner p\u00e5 den h\u00e4r sidan, h\u00e4mtat ur tidningen \u00d6rnen fr\u00e5n 1978, ber\u00e4ttar Sam sj\u00e4lv om sin tid vid FJS fr\u00e5n \u00e5r 1952 fram till sin pensionering \u00e5r 1978.\u00a0P\u00e5 familjesidan i Skaraborgs [&hellip;]<\/p>\n","protected":false},"author":1,"featured_media":0,"comment_status":"closed","ping_status":"closed","sticky":false,"template":"","format":"standard","meta":{"footnotes":""},"categories":[9],"tags":[6,5,56,147],"class_list":["post-11350","post","type-post","status-publish","format-standard","hentry","category-fjs-och-fallskarmsjagarna","tag-fallskarmsjagare","tag-fjs","tag-sam","tag-thore-samuelsson"],"_links":{"self":[{"href":"https:\/\/www.fjs1970.se\/index.php?rest_route=\/wp\/v2\/posts\/11350","targetHints":{"allow":["GET"]}}],"collection":[{"href":"https:\/\/www.fjs1970.se\/index.php?rest_route=\/wp\/v2\/posts"}],"about":[{"href":"https:\/\/www.fjs1970.se\/index.php?rest_route=\/wp\/v2\/types\/post"}],"author":[{"embeddable":true,"href":"https:\/\/www.fjs1970.se\/index.php?rest_route=\/wp\/v2\/users\/1"}],"replies":[{"embeddable":true,"href":"https:\/\/www.fjs1970.se\/index.php?rest_route=%2Fwp%2Fv2%2Fcomments&post=11350"}],"version-history":[{"count":171,"href":"https:\/\/www.fjs1970.se\/index.php?rest_route=\/wp\/v2\/posts\/11350\/revisions"}],"predecessor-version":[{"id":11532,"href":"https:\/\/www.fjs1970.se\/index.php?rest_route=\/wp\/v2\/posts\/11350\/revisions\/11532"}],"wp:attachment":[{"href":"https:\/\/www.fjs1970.se\/index.php?rest_route=%2Fwp%2Fv2%2Fmedia&parent=11350"}],"wp:term":[{"taxonomy":"category","embeddable":true,"href":"https:\/\/www.fjs1970.se\/index.php?rest_route=%2Fwp%2Fv2%2Fcategories&post=11350"},{"taxonomy":"post_tag","embeddable":true,"href":"https:\/\/www.fjs1970.se\/index.php?rest_route=%2Fwp%2Fv2%2Ftags&post=11350"}],"curies":[{"name":"wp","href":"https:\/\/api.w.org\/{rel}","templated":true}]}}