{"id":11239,"date":"2012-09-12T05:32:23","date_gmt":"2012-09-12T03:32:23","guid":{"rendered":"http:\/\/www.fjs1970.se\/?p=11239"},"modified":"2012-09-12T11:09:44","modified_gmt":"2012-09-12T09:09:44","slug":"fjs-dag-2012-tillika-fjs-60-ars-jubileum","status":"publish","type":"post","link":"https:\/\/www.fjs1970.se\/?p=11239","title":{"rendered":"FJS dag 2012 tillika FJS 60 \u00e5rs jubileum"},"content":{"rendered":"<div id=\"attachment_11241\" style=\"width: 747px\" class=\"wp-caption aligncenter\"><img loading=\"lazy\" decoding=\"async\" aria-describedby=\"caption-attachment-11241\" class=\" wp-image-11241  \" title=\"DSC01536\" src=\"http:\/\/www.fjs1970.se\/wp-content\/uploads\/2012\/09\/DSC01536-1024x756.jpg\" alt=\"\" width=\"737\" height=\"545\" srcset=\"https:\/\/www.fjs1970.se\/wp-content\/uploads\/2012\/09\/DSC01536-1024x756.jpg 1024w, https:\/\/www.fjs1970.se\/wp-content\/uploads\/2012\/09\/DSC01536-300x221.jpg 300w, https:\/\/www.fjs1970.se\/wp-content\/uploads\/2012\/09\/DSC01536.jpg 1280w\" sizes=\"auto, (max-width: 737px) 100vw, 737px\" \/><p id=\"caption-attachment-11241\" class=\"wp-caption-text\">101 Bertil, 136 Torkel, 320 Cenneth, 201 Svante och 304 Lars. N\u00e4rvarande fr\u00e5n v\u00e5r \u00e5rskurs var ocks\u00e5 216 Per men han missade fotograferingen.<\/p><\/div>\n<p><span style=\"color: #f3d39a;\">.<\/span><\/p>\n<h5>B\u00e4ste fallsk\u00e4rmsj\u00e4gare!<\/h5>\n<p>M\u00e5nga av oss fallsk\u00e4rmsj\u00e4gare fanns p\u00e5 plats i och runt FJS-L\u00e4gret denna helg i b\u00f6rjan av september. Vi v\u00e4lkomnades av ett putsat och fejat och v\u00e4l f\u00f6rberett l\u00e4ger. De jubilerande \u00e5rskullarna hade som vanligt sina festliga sammankomster under fredagskv\u00e4llen och fanns d\u00e5 utspridda p\u00e5 m\u00e5nga st\u00e4llen i Karlsborg f\u00f6r att senare p\u00e5 kv\u00e4llskvisten avrunda firandet vid V\u00e4tterns strand.<\/p>\n<p>L\u00f6rdagen inneh\u00f6ll bland annat f\u00f6revisning i hopphallen och p\u00e5 dess utsida visade dagens fallsk\u00e4rmsj\u00e4gare sin utrustning. Eftermiddagen tillbringade vi p\u00e5 gamla F6 d\u00e4r C-130 Hercules visade sina f\u00e4rdigheter och f\u00e4llde materiel men \u00f6vrig fallsk\u00e4rmsf\u00e4llning hindrades tyv\u00e4rr av den h\u00e5rda vinden. Avslutningsvis p\u00e5 F6 gav oss\u00a0<a title=\"Alf Ingesson Thoor\" href=\"http:\/\/www.adlibris.com\/se\/product.aspx?isbn=9186859064\" target=\"_blank\">Alf Ingesson Thoor<\/a> en m\u00e4ktig och kraftfull flyguppvisning med sin Lansen<\/p>\n<p>Halv sju p\u00e5 l\u00f6rdagskv\u00e4llen var det som vanligt \u00e5rskullsvis uppst\u00e4llning i L\u00e4gret under pompa och st\u00e5t samt sedvanlig medaljutdelning. H\u00e4r blev det ocks\u00e5 en v\u00e4rdig och fin tillst\u00e4llning d\u00e4r FJS 60 \u00e5rs jubileum uppm\u00e4rksammades. Om Du vill kan Du l\u00e4sa Erika Fredholms trevliga artikel i Skaraborgs Allehanda d\u00e4r hon skildrar evenemanget. <a title=\"SLA-artikel\" href=\"http:\/\/www.fjs1970.se\/wp-content\/uploads\/2012\/09\/SLA_20120910-1-E1-13.pdf\">Klicka h\u00e4r!<\/a><\/p>\n<p>&nbsp;<\/p>\n<p>Med v\u00e4nlig h\u00e4lsning,<\/p>\n<p>201 Svante<\/p>\n<p><span style=\"color: #f3d39a;\">.<\/span><\/p>\n<p>PS.<\/p>\n<p>F\u00f6rsvarsmaktens hemsida. <a title=\"F\u00f6rsvarsmakten\" href=\"http:\/\/www.forsvarsmakten.se\/sv\/Forband-och-formagor\/Forband\/Livregementets-husarer-K-3\/Nyheter\/600-firade-60\/\" target=\"_blank\">Klicka h\u00e4r<\/a>.<\/p>\n<p>FJS-klubbens hemsida. <a title=\"FJS-klubben\" href=\"http:\/\/www.forsvarsutbildarna.se\/fallskarmsjagarna\/nyhetsarkivet\/fallskarmsjagarnas_dag_2012\" target=\"_blank\">Klicka h\u00e4r<\/a>.<\/p>\n<p>DS.<\/p>\n<p><span style=\"color: #f3d39a;\">.<\/span><\/p>\n<div id=\"attachment_11243\" style=\"width: 727px\" class=\"wp-caption aligncenter\"><img loading=\"lazy\" decoding=\"async\" aria-describedby=\"caption-attachment-11243\" class=\" wp-image-11243 \" title=\"DSC01534\" src=\"http:\/\/www.fjs1970.se\/wp-content\/uploads\/2012\/09\/DSC01534-1024x768.jpg\" alt=\"\" width=\"717\" height=\"538\" srcset=\"https:\/\/www.fjs1970.se\/wp-content\/uploads\/2012\/09\/DSC01534-1024x768.jpg 1024w, https:\/\/www.fjs1970.se\/wp-content\/uploads\/2012\/09\/DSC01534-300x225.jpg 300w, https:\/\/www.fjs1970.se\/wp-content\/uploads\/2012\/09\/DSC01534.jpg 1280w\" sizes=\"auto, (max-width: 717px) 100vw, 717px\" \/><p id=\"caption-attachment-11243\" class=\"wp-caption-text\">Jubilarerna fr\u00e5n \u00e5rskurs 52\/53 skymtas n\u00e4r de \u00e4r uppst\u00e4llda framf\u00f6r podiet.<\/p><\/div>\n<p><span style=\"color: #f3d39a;\">.<\/span><\/p>\n<p><span style=\"color: #f3d39a;\">.<\/span><\/p>\n<p>&nbsp;<\/p>\n<p><img loading=\"lazy\" decoding=\"async\" class=\"aligncenter size-thumbnail wp-image-5241\" title=\"FJS-m\u00e4rke 1970\" src=\"http:\/\/www.fjs1970.se\/wp-content\/uploads\/2010\/06\/FJS-m\u00e4rke1-150x150.jpg\" alt=\"\" width=\"150\" height=\"150\" \/><\/p>\n<h1 style=\"text-align: center;\">\u25ca<\/h1>\n","protected":false},"excerpt":{"rendered":"<p>. B\u00e4ste fallsk\u00e4rmsj\u00e4gare! M\u00e5nga av oss fallsk\u00e4rmsj\u00e4gare fanns p\u00e5 plats i och runt FJS-L\u00e4gret denna helg i b\u00f6rjan av september. Vi v\u00e4lkomnades av ett putsat och fejat och v\u00e4l f\u00f6rberett l\u00e4ger. De jubilerande \u00e5rskullarna hade som vanligt sina festliga sammankomster under fredagskv\u00e4llen och fanns d\u00e5 utspridda p\u00e5 m\u00e5nga st\u00e4llen i Karlsborg f\u00f6r att senare p\u00e5 [&hellip;]<\/p>\n","protected":false},"author":1,"featured_media":0,"comment_status":"closed","ping_status":"closed","sticky":false,"template":"","format":"standard","meta":{"footnotes":""},"categories":[9],"tags":[6,5],"class_list":["post-11239","post","type-post","status-publish","format-standard","hentry","category-fjs-och-fallskarmsjagarna","tag-fallskarmsjagare","tag-fjs"],"_links":{"self":[{"href":"https:\/\/www.fjs1970.se\/index.php?rest_route=\/wp\/v2\/posts\/11239","targetHints":{"allow":["GET"]}}],"collection":[{"href":"https:\/\/www.fjs1970.se\/index.php?rest_route=\/wp\/v2\/posts"}],"about":[{"href":"https:\/\/www.fjs1970.se\/index.php?rest_route=\/wp\/v2\/types\/post"}],"author":[{"embeddable":true,"href":"https:\/\/www.fjs1970.se\/index.php?rest_route=\/wp\/v2\/users\/1"}],"replies":[{"embeddable":true,"href":"https:\/\/www.fjs1970.se\/index.php?rest_route=%2Fwp%2Fv2%2Fcomments&post=11239"}],"version-history":[{"count":45,"href":"https:\/\/www.fjs1970.se\/index.php?rest_route=\/wp\/v2\/posts\/11239\/revisions"}],"predecessor-version":[{"id":11284,"href":"https:\/\/www.fjs1970.se\/index.php?rest_route=\/wp\/v2\/posts\/11239\/revisions\/11284"}],"wp:attachment":[{"href":"https:\/\/www.fjs1970.se\/index.php?rest_route=%2Fwp%2Fv2%2Fmedia&parent=11239"}],"wp:term":[{"taxonomy":"category","embeddable":true,"href":"https:\/\/www.fjs1970.se\/index.php?rest_route=%2Fwp%2Fv2%2Fcategories&post=11239"},{"taxonomy":"post_tag","embeddable":true,"href":"https:\/\/www.fjs1970.se\/index.php?rest_route=%2Fwp%2Fv2%2Ftags&post=11239"}],"curies":[{"name":"wp","href":"https:\/\/api.w.org\/{rel}","templated":true}]}}