{"id":11122,"date":"2012-08-28T05:50:42","date_gmt":"2012-08-28T03:50:42","guid":{"rendered":"http:\/\/www.fjs1970.se\/?p=11122"},"modified":"2012-08-28T12:09:20","modified_gmt":"2012-08-28T10:09:20","slug":"fjs-dag-2012","status":"publish","type":"post","link":"https:\/\/www.fjs1970.se\/?p=11122","title":{"rendered":"FJS-DAG 2012"},"content":{"rendered":"<h1 style=\"text-align: center;\">FJS-DAG 2012<\/h1>\n<h5 style=\"text-align: center;\">med<\/h5>\n<h1 style=\"text-align: center;\">FJS 60-\u00e5rs jubileum 1952 &#8211; 2012<\/h1>\n<h5 style=\"text-align: center;\">L\u00f6rdagen den 8 september<\/h5>\n<p><span style=\"color: #edc895;\">.<\/span><\/p>\n<p><span style=\"color: #edca95;\">.<\/span><\/p>\n<p><span style=\"color: #edca95;\">.<\/span><\/p>\n<p><span style=\"color: #edca95;\">.<\/span><\/p>\n<h5>Go v\u00e4nner och b\u00e4sta fallsk\u00e4rmsj\u00e4gare,<\/h5>\n<p>&nbsp;<\/p>\n<p>l\u00f6rdagen den 8 september \u00e4r det dags f\u00f6r FJS-dag.<\/p>\n<p>\u00c5rets FJS-dag, med fallsk\u00e4rmsj\u00e4garskolans 60-\u00e5rs jubileum (1952 \u2013 2012), inneb\u00e4r att klubben satsat extra h\u00e5rt med fina arrangemang. Detaljerat program hittar du p\u00e5 klubbens hemsida\u00a0<a title=\"Klubbens hemsida\" href=\"http:\/\/www.forsvarsutbildarna.se\/fallskarmsjagarna\/nyhetsarkivet\/fallskarmsjagarnas_dag_2012\" target=\"_blank\">h\u00e4r.<\/a><\/p>\n<p>Vi, fr\u00e5n den gyllene och nu v\u00e4llagrade \u00e5rg\u00e5ngen 1970\/71, som d\u00e5 finns i Karlsborg och s\u00f6ker \u00f6vrigas gemenskap m\u00f6ter upp <span style=\"text-decoration: underline;\">vid ing\u00e5ngen till gamla F6 klockan 12.45<\/span> (uppvisningen b\u00f6rjar 13.00) eller ocks\u00e5 ses vi vid uppst\u00e4llningen i L\u00e4gret klockan 18.30.<\/p>\n<p>&nbsp;<\/p>\n<p>En prelimin\u00e4r lista p\u00e5 vilka vi \u00e4r fr\u00e5n 70\/71 som kommer ser Du nedan (uppdateras l\u00f6pande),<\/p>\n<p>&nbsp;<\/p>\n<p>101 Bertil Wildt-Persson<\/p>\n<p>136 Torkel S\u00f6derstr\u00f6m<\/p>\n<p>201 Svante Larsson<\/p>\n<p>304 Lars Edgren<\/p>\n<p><span style=\"color: #f0d1a8;\">.<\/span><\/p>\n<p><span style=\"color: #f0d1a8;\">.<\/span><\/p>\n<p><span style=\"color: #f0d1a8;\">.<\/span><\/p>\n<p>Den enda som jag med s\u00e4kerhet vet\u00a0<span style=\"text-decoration: underline;\">inte<\/span>\u00a0kommer \u00e4r 235 Clifford M\u00e5nstr\u00f6m. Eftersom han saknar mail-adress s\u00e5 slog jag en signal. Allt var v\u00e4l d\u00e4r nere i Brasilien b\u00e5de vad det g\u00e4llde v\u00e4dret och honom sj\u00e4lv f\u00f6rutom n\u00e5gon allergi (som jag dock inte fick klarhet i vad det var mot). Han har inte planerat att resa till Karlsborg nu men jag hoppas och tror att han dyker upp p\u00e5 v\u00e5rt 45-\u00e5rs jubileum 2015.<\/p>\n<p><span style=\"color: #efc594;\">.<\/span><\/p>\n<p><span style=\"color: #efc594;\">.<\/span><\/p>\n<p>Med v\u00e4nlig h\u00e4lsning<\/p>\n<p>201 Svante Larsson<\/p>\n<p>Tel. 0706-913891<\/p>\n<p><a href=\"mailto:l.svante.larsson@telia.com\">l.svante.larsson@telia.com<\/a><\/p>\n<p><span style=\"color: #efc594;\">.<\/span><\/p>\n<div><span style=\"color: #efc594;\">.<\/span><\/div>\n<div style=\"text-align: center;\">\u2666<\/div>\n<div style=\"text-align: left;\"><span style=\"color: #efca94;\">.<\/span><\/div>\n<h5 style=\"text-align: left;\">Kommentarer:<\/h5>\n<div style=\"text-align: left;\"><span style=\"color: #efca94;\">.<\/span><\/div>\n<div style=\"text-align: left;\">\n<p><span style=\"color: #ff0000;\">28 aug 2012 kl. 08.18 skrev Rolf Bj\u00f6rklund:<\/span><\/p>\n<p><span style=\"color: #ff0000;\">Hej Svante!<\/span><\/p>\n<p><span style=\"color: #ff0000;\">F\u00f6ljer dina inl\u00e4gg p\u00e5 hemsidan med stort intresse. Det \u00e4r lika trevligt varje g\u00e5ng att l\u00e4sa alla ber\u00e4ttelser om olika strapatser fr\u00e5n gamla j\u00e4gare som du l\u00e4gger in. Vissa delar v\u00e4cker gamla minnen fr\u00e5n min tid p\u00e5 FJS. Det var med stor gl\u00e4dje jag deltog i v\u00e5rt 40-\u00e5rsjubileum och s\u00e5g fram emot n\u00e4sta tr\u00e4ff. Tyv\u00e4rr s\u00e5 krockar ofta FJS dag med andra engagemang f\u00f6r min del. Hade sett fram emot \u00e5rets tr\u00e4ff eftersom det \u00e4ven \u00e4r 60-\u00e5rsjubileum men tyv\u00e4rr s\u00e5 m\u00e5ste jag \u00e4ven avst\u00e5 denna g\u00e5ng. Det \u00e4r n\u00e4mligen s\u00e5 att just det datumet 8\/9 s\u00e5 antr\u00e4der jag en rundresa med buss i Schweiz i en vecka. Detta \u00e4r en 70-\u00e5rspresent fr\u00e5n min familj som man inte kan tacka nej till.<\/span><\/p>\n<p><span style=\"color: #ff0000;\">Hoppas du kan vara v\u00e4nlig och framf\u00f6ra min h\u00e4lsning till alla bef\u00e4l och j\u00e4gare fr\u00e5n v\u00e5r \u00e5rskull som kommer dit.<\/span><\/p>\n<p><span style=\"color: #ff0000;\">Med v\u00e4nlig h\u00e4lsning,<\/span><\/p>\n<p><span style=\"color: #ff0000;\">Rolf<\/span><\/p>\n<p style=\"text-align: center;\"><span style=\"color: #000000;\">\u2666<\/span><\/p>\n<\/div>\n<div><span style=\"color: #efc594;\">.<\/span><\/div>\n<div style=\"text-align: center;\">\n<p style=\"text-align: left;\"><span style=\"color: #0000ff;\">Hej Svante,<\/span><\/p>\n<p style=\"text-align: left;\"><span style=\"color: #0000ff;\">Long time no see!<\/span><\/p>\n<p style=\"text-align: left;\"><span style=\"color: #0000ff;\">Tack f\u00f6r dina insatser p\u00e5 hemsidan, det \u00e4r alltid sp\u00e4nnande och nostalgiskt att l\u00e4sa och att \u201dkomma ih\u00e5g\u201d.<\/span><\/p>\n<p style=\"text-align: left;\"><span style=\"color: #0000ff;\">Den 8:e \u00e4r jag p\u00e5 v\u00e4g till Tokyo f\u00f6r att tr\u00e4ffa v\u00e5ra \u00e4gare, Toyota. Det \u00e4r ju inget man kan s\u00e4ga nej till direkt.<\/span><\/p>\n<p style=\"text-align: left;\"><span style=\"color: #0000ff;\">\u00a0<\/span><\/p>\n<p style=\"text-align: left;\"><span style=\"color: #0000ff;\">H\u00e4lsa alla, och du ska veta att jag f\u00f6ljer hemsidan f\u00f6r att l\u00e4sa vad som h\u00e4nt under FJS dag.<\/span><\/p>\n<p style=\"text-align: left;\"><span style=\"color: #0000ff;\">\u00a0<\/span><\/p>\n<p style=\"text-align: left;\"><span style=\"color: #0000ff;\">H\u00e4lsningar<\/span><\/p>\n<p style=\"text-align: left;\"><span style=\"color: #0000ff;\">This is a reply from<\/span><\/p>\n<p style=\"text-align: left;\"><span style=\"color: #0000ff;\">Peter Aspemar<\/span><\/p>\n<p style=\"text-align: left;\"><span style=\"color: #eeca9f;\">.<\/span><\/p>\n<div style=\"text-align: center;\">\u2666<\/div>\n<div style=\"text-align: left;\"><span style=\"color: #eeca9f;\">\u00a0.<\/span><\/div>\n<p style=\"text-align: left;\"><span style=\"color: #eeca9f;\">.<\/span><\/p>\n<\/div>\n<div><span style=\"color: #efc594;\">.<\/span><\/div>\n<div id=\"attachment_283\" style=\"width: 650px\" class=\"wp-caption aligncenter\"><img loading=\"lazy\" decoding=\"async\" aria-describedby=\"caption-attachment-283\" class=\"size-full wp-image-283 \" title=\"F\u00f6rsta luckan p\u00e5 andra pluton\" src=\"http:\/\/www.fjs1970.se\/wp-content\/uploads\/2009\/12\/FJS-Bild-5.jpg\" alt=\"F\u00f6rsta luckan p\u00e5 andra pluton\" width=\"640\" height=\"453\" srcset=\"https:\/\/www.fjs1970.se\/wp-content\/uploads\/2009\/12\/FJS-Bild-5.jpg 640w, https:\/\/www.fjs1970.se\/wp-content\/uploads\/2009\/12\/FJS-Bild-5-300x212.jpg 300w\" sizes=\"auto, (max-width: 640px) 100vw, 640px\" \/><p id=\"caption-attachment-283\" class=\"wp-caption-text\">En samling bl\u00e5 dj\u00e4vlar p\u00e5 f\u00f6rsta luckan 1970.<\/p><\/div>\n<p><span style=\"color: #edc895;\">.<\/span><\/p>\n<div id=\"attachment_1460\" style=\"width: 800px\" class=\"wp-caption aligncenter\"><img loading=\"lazy\" decoding=\"async\" aria-describedby=\"caption-attachment-1460\" class=\"size-full wp-image-1460\" title=\"1a Pluton tidig uppst\u00e4llning\" src=\"http:\/\/www.fjs1970.se\/wp-content\/uploads\/2009\/12\/1a-Pluton-tidig-uppst\u00e4llning.jpg\" alt=\"1a Pluton tidig uppst\u00e4llning\" width=\"790\" height=\"467\" srcset=\"https:\/\/www.fjs1970.se\/wp-content\/uploads\/2009\/12\/1a-Pluton-tidig-uppst\u00e4llning.jpg 790w, https:\/\/www.fjs1970.se\/wp-content\/uploads\/2009\/12\/1a-Pluton-tidig-uppst\u00e4llning-300x177.jpg 300w\" sizes=\"auto, (max-width: 790px) 100vw, 790px\" \/><p id=\"caption-attachment-1460\" class=\"wp-caption-text\">F\u00f6rsta pluton st\u00e4ller upp tidigt p\u00e5 sommaren 1970.<\/p><\/div>\n<p><span style=\"color: #edcba0;\">.<\/span><\/p>\n<div id=\"attachment_4592\" style=\"width: 650px\" class=\"wp-caption aligncenter\"><img loading=\"lazy\" decoding=\"async\" aria-describedby=\"caption-attachment-4592\" class=\"size-full wp-image-4592 \" title=\"27 Bef\u00e4len\" src=\"http:\/\/www.fjs1970.se\/wp-content\/uploads\/2009\/12\/27-Bef\u00e4len.jpg\" alt=\"\" width=\"640\" height=\"374\" srcset=\"https:\/\/www.fjs1970.se\/wp-content\/uploads\/2009\/12\/27-Bef\u00e4len.jpg 640w, https:\/\/www.fjs1970.se\/wp-content\/uploads\/2009\/12\/27-Bef\u00e4len-300x175.jpg 300w\" sizes=\"auto, (max-width: 640px) 100vw, 640px\" \/><p id=\"caption-attachment-4592\" class=\"wp-caption-text\">Bef\u00e4len 1970&#8230;.<\/p><\/div>\n<p><span style=\"color: #eece9e;\">.<\/span><\/p>\n<div id=\"attachment_4413\" style=\"width: 810px\" class=\"wp-caption aligncenter\"><img loading=\"lazy\" decoding=\"async\" aria-describedby=\"caption-attachment-4413\" class=\"size-full wp-image-4413\" title=\"hogvakt\" src=\"http:\/\/www.fjs1970.se\/wp-content\/uploads\/2010\/05\/hogvakt.jpg\" alt=\"\" width=\"800\" height=\"613\" srcset=\"https:\/\/www.fjs1970.se\/wp-content\/uploads\/2010\/05\/hogvakt.jpg 800w, https:\/\/www.fjs1970.se\/wp-content\/uploads\/2010\/05\/hogvakt-300x229.jpg 300w\" sizes=\"auto, (max-width: 800px) 100vw, 800px\" \/><p id=\"caption-attachment-4413\" class=\"wp-caption-text\">H\u00f6gvakten 1971. Tredje pluton.<\/p><\/div>\n<p><span style=\"color: #e3bc8b;\">.<\/span><\/p>\n<p>&nbsp;<\/p>\n<p>&nbsp;<\/p>\n<p><img loading=\"lazy\" decoding=\"async\" class=\"aligncenter size-thumbnail wp-image-5241\" title=\"FJS-m\u00e4rke 1970\" src=\"http:\/\/www.fjs1970.se\/wp-content\/uploads\/2010\/06\/FJS-m\u00e4rke1-150x150.jpg\" alt=\"\" width=\"150\" height=\"150\" \/><\/p>\n<h1 style=\"text-align: center;\">\u25ca<\/h1>\n","protected":false},"excerpt":{"rendered":"<p>FJS-DAG 2012 med FJS 60-\u00e5rs jubileum 1952 &#8211; 2012 L\u00f6rdagen den 8 september . . . . Go v\u00e4nner och b\u00e4sta fallsk\u00e4rmsj\u00e4gare, &nbsp; l\u00f6rdagen den 8 september \u00e4r det dags f\u00f6r FJS-dag. \u00c5rets FJS-dag, med fallsk\u00e4rmsj\u00e4garskolans 60-\u00e5rs jubileum (1952 \u2013 2012), inneb\u00e4r att klubben satsat extra h\u00e5rt med fina arrangemang. Detaljerat program hittar du p\u00e5 [&hellip;]<\/p>\n","protected":false},"author":1,"featured_media":0,"comment_status":"closed","ping_status":"closed","sticky":false,"template":"","format":"standard","meta":{"footnotes":""},"categories":[9],"tags":[6,5],"class_list":["post-11122","post","type-post","status-publish","format-standard","hentry","category-fjs-och-fallskarmsjagarna","tag-fallskarmsjagare","tag-fjs"],"_links":{"self":[{"href":"https:\/\/www.fjs1970.se\/index.php?rest_route=\/wp\/v2\/posts\/11122","targetHints":{"allow":["GET"]}}],"collection":[{"href":"https:\/\/www.fjs1970.se\/index.php?rest_route=\/wp\/v2\/posts"}],"about":[{"href":"https:\/\/www.fjs1970.se\/index.php?rest_route=\/wp\/v2\/types\/post"}],"author":[{"embeddable":true,"href":"https:\/\/www.fjs1970.se\/index.php?rest_route=\/wp\/v2\/users\/1"}],"replies":[{"embeddable":true,"href":"https:\/\/www.fjs1970.se\/index.php?rest_route=%2Fwp%2Fv2%2Fcomments&post=11122"}],"version-history":[{"count":79,"href":"https:\/\/www.fjs1970.se\/index.php?rest_route=\/wp\/v2\/posts\/11122\/revisions"}],"predecessor-version":[{"id":11200,"href":"https:\/\/www.fjs1970.se\/index.php?rest_route=\/wp\/v2\/posts\/11122\/revisions\/11200"}],"wp:attachment":[{"href":"https:\/\/www.fjs1970.se\/index.php?rest_route=%2Fwp%2Fv2%2Fmedia&parent=11122"}],"wp:term":[{"taxonomy":"category","embeddable":true,"href":"https:\/\/www.fjs1970.se\/index.php?rest_route=%2Fwp%2Fv2%2Fcategories&post=11122"},{"taxonomy":"post_tag","embeddable":true,"href":"https:\/\/www.fjs1970.se\/index.php?rest_route=%2Fwp%2Fv2%2Ftags&post=11122"}],"curies":[{"name":"wp","href":"https:\/\/api.w.org\/{rel}","templated":true}]}}