{"id":11076,"date":"2012-06-19T06:07:09","date_gmt":"2012-06-19T04:07:09","guid":{"rendered":"http:\/\/www.fjs1970.se\/?p=11076"},"modified":"2012-06-20T20:14:37","modified_gmt":"2012-06-20T18:14:37","slug":"gotland-1973","status":"publish","type":"post","link":"https:\/\/www.fjs1970.se\/?p=11076","title":{"rendered":"Gotland 1973"},"content":{"rendered":"<h5>Vandring p\u00e5 Gotland 1973<\/h5>\n<p>Sommaren 1972 vandrade min Far och jag under tio dagar runt sj\u00f6n Rogen med start och m\u00e5l i Gr\u00f6velsj\u00f6n. Sommaren 1973 t\u00e4nkte vi g\u00f6ra \u00e4nnu en fj\u00e4llvandring, men tyv\u00e4rr skadade sig Far under en tr\u00e4ningsrunda strax innan avresan, s\u00e5 helt oplanerat drog jag till Gotland i st\u00e4llet. P\u00e5 f\u00f6rmiddagen andra dagen stannade en journalist fr\u00e5n Gotlands Allehanda och i tidningens sommartorka var jag tydligen ett intressant intervjuobjekt. Efter ett par bilder och lite snack vandrade jag vidare. N\u00e4sta f\u00f6rmiddag m\u00f6tte jag en man som stod och l\u00e4ste tidningen vid sin brevl\u00e5da. &#8221;Hej Torkel&#8221;, sa han, &#8221;vill du ha en kopp kaffe&#8221;? N\u00e4r jag s\u00e5g ut som ett stort fr\u00e5getecken visade han mig f\u00f6rstasidan p\u00e5 tidningen och d\u00e4r var bifogad artikel, som jag fick av honom efter kaffet. Ni k\u00e4nner v\u00e4l igen T-shirten och Fj\u00e4llr\u00e4vens klassiska ryggs\u00e4ck? Kommer n\u00e5gon ih\u00e5g vad SSS p\u00e5 T-shirten stod f\u00f6r? De f\u00f6ljande dagarna blev det m\u00e5nga stopp f\u00f6r att folk ville snacka och bjuda p\u00e5 kaffe. En regning och bl\u00e5sig dag ute p\u00e5 stora v\u00e4gen blev jag erbjuden lift till b\u00e4ttre vandringsomr\u00e5de av en tjej, bara f\u00f6r att hon sett mig i tidningen. Efter att ha vandrat runt s\u00f6dra halvan av \u00f6n kom Mor och Far med bil och plockade upp mig och s\u00e5 blev det \u00e4ven en tur runt norra delen av \u00f6n.<\/p>\n<p><span style=\"color: #edd6ab;\">.\u00a0<\/span><\/p>\n<p>H\u00e4lsningar<\/p>\n<p>Torkel 136 S\u00f6derstr\u00f6m<\/p>\n<p><span style=\"color: #edd6ab;\">.<\/span><\/p>\n<p><span style=\"color: #edd6ab;\">.<\/span><\/p>\n<p><img loading=\"lazy\" decoding=\"async\" class=\"aligncenter size-full wp-image-11081\" title=\"Gottlands Allehanda 1973\" src=\"http:\/\/www.fjs1970.se\/wp-content\/uploads\/2012\/06\/Gottlands-Allehanda-1973.jpg\" alt=\"\" width=\"598\" height=\"1280\" srcset=\"https:\/\/www.fjs1970.se\/wp-content\/uploads\/2012\/06\/Gottlands-Allehanda-1973.jpg 598w, https:\/\/www.fjs1970.se\/wp-content\/uploads\/2012\/06\/Gottlands-Allehanda-1973-140x300.jpg 140w, https:\/\/www.fjs1970.se\/wp-content\/uploads\/2012\/06\/Gottlands-Allehanda-1973-478x1024.jpg 478w\" sizes=\"auto, (max-width: 598px) 100vw, 598px\" \/><\/p>\n<p><span style=\"color: #edd6ab;\">.<\/span><\/p>\n<p><span style=\"color: #edd6ab;\">.<\/span><\/p>\n<p><span style=\"color: #0000ff;\"><em>Kommentar den 20 juni<\/em><\/span><\/p>\n<p><span style=\"color: #0000ff;\">Hej,<\/span><\/p>\n<p><span style=\"color: #0000ff;\">Det var fanjunkare Lindmarks id\u00e9, han h\u00f6ll ju oss signalister f\u00f6r lite mer\u00a0\u00e4n andra. SSS st\u00e5r f\u00f6r Samband, Secret och Service. Ja kommer ih\u00e5g hur vi\u00a0fick st\u00e5 och g\u00f6ra detta till\u00e4ggstryck p\u00e5 tr\u00f6jorna i signalistsalen.<\/span><\/p>\n<p><span style=\"color: #0000ff;\">Nu m\u00e5ste jag ut p\u00e5 vedbacken igen f\u00f6r att klyva upp en sl\u00e4pvagn med\u00a0vekkabbar som jag kapade upp fr\u00e5n en stor torraka som bl\u00e5ste ner i den\u00a0stora vinterstormen. det var tyv\u00e4rr en hel del skog som bl\u00e5ste ner men\u00a0intet ont som inte har n\u00e5t gott med sig, det har blivit en hel del nya\u00a0\u00e4lgpass som vi f\u00e5r prova till h\u00f6sten.<\/span><\/p>\n<p><span style=\"color: #0000ff;\">Ha en trevlig sommar<\/span><\/p>\n<p><span style=\"color: #0000ff;\">Anders Ranebo<\/span><\/p>\n<p><span style=\"color: #edd6ab;\">.<\/span><\/p>\n<p><span style=\"color: #edd6ab;\">.<\/span><\/p>\n<p>&nbsp;<\/p>\n<p><img loading=\"lazy\" decoding=\"async\" class=\"aligncenter size-thumbnail wp-image-5241\" title=\"FJS-m\u00e4rke 1970\" src=\"http:\/\/www.fjs1970.se\/wp-content\/uploads\/2010\/06\/FJS-m\u00e4rke1-150x150.jpg\" alt=\"\" width=\"150\" height=\"150\" \/><\/p>\n<h1 style=\"text-align: center;\">\u25ca<\/h1>\n","protected":false},"excerpt":{"rendered":"<p>Vandring p\u00e5 Gotland 1973 Sommaren 1972 vandrade min Far och jag under tio dagar runt sj\u00f6n Rogen med start och m\u00e5l i Gr\u00f6velsj\u00f6n. Sommaren 1973 t\u00e4nkte vi g\u00f6ra \u00e4nnu en fj\u00e4llvandring, men tyv\u00e4rr skadade sig Far under en tr\u00e4ningsrunda strax innan avresan, s\u00e5 helt oplanerat drog jag till Gotland i st\u00e4llet. P\u00e5 f\u00f6rmiddagen andra dagen [&hellip;]<\/p>\n","protected":false},"author":1,"featured_media":0,"comment_status":"closed","ping_status":"closed","sticky":false,"template":"","format":"standard","meta":{"footnotes":""},"categories":[9],"tags":[6,5,143],"class_list":["post-11076","post","type-post","status-publish","format-standard","hentry","category-fjs-och-fallskarmsjagarna","tag-fallskarmsjagare","tag-fjs","tag-torkel-soderstrom"],"_links":{"self":[{"href":"https:\/\/www.fjs1970.se\/index.php?rest_route=\/wp\/v2\/posts\/11076","targetHints":{"allow":["GET"]}}],"collection":[{"href":"https:\/\/www.fjs1970.se\/index.php?rest_route=\/wp\/v2\/posts"}],"about":[{"href":"https:\/\/www.fjs1970.se\/index.php?rest_route=\/wp\/v2\/types\/post"}],"author":[{"embeddable":true,"href":"https:\/\/www.fjs1970.se\/index.php?rest_route=\/wp\/v2\/users\/1"}],"replies":[{"embeddable":true,"href":"https:\/\/www.fjs1970.se\/index.php?rest_route=%2Fwp%2Fv2%2Fcomments&post=11076"}],"version-history":[{"count":20,"href":"https:\/\/www.fjs1970.se\/index.php?rest_route=\/wp\/v2\/posts\/11076\/revisions"}],"predecessor-version":[{"id":11097,"href":"https:\/\/www.fjs1970.se\/index.php?rest_route=\/wp\/v2\/posts\/11076\/revisions\/11097"}],"wp:attachment":[{"href":"https:\/\/www.fjs1970.se\/index.php?rest_route=%2Fwp%2Fv2%2Fmedia&parent=11076"}],"wp:term":[{"taxonomy":"category","embeddable":true,"href":"https:\/\/www.fjs1970.se\/index.php?rest_route=%2Fwp%2Fv2%2Fcategories&post=11076"},{"taxonomy":"post_tag","embeddable":true,"href":"https:\/\/www.fjs1970.se\/index.php?rest_route=%2Fwp%2Fv2%2Ftags&post=11076"}],"curies":[{"name":"wp","href":"https:\/\/api.w.org\/{rel}","templated":true}]}}