{"id":10786,"date":"2012-04-17T05:59:03","date_gmt":"2012-04-17T03:59:03","guid":{"rendered":"http:\/\/www.fjs1970.se\/?p=10786"},"modified":"2012-04-17T05:59:03","modified_gmt":"2012-04-17T03:59:03","slug":"skarmen-pa-fredag-tornie-ottersten-berattar-om-323e-fallskarmsjagarkompaniet","status":"publish","type":"post","link":"https:\/\/www.fjs1970.se\/?p=10786","title":{"rendered":"Sk\u00e4rmen p\u00e5 fredag: Tornie Ottersten ber\u00e4ttar om 323:e Fallsk\u00e4rmsj\u00e4garkompaniet"},"content":{"rendered":"<p><span style=\"color: #ebcb98;\">.<\/span><\/p>\n<p><img loading=\"lazy\" decoding=\"async\" class=\"aligncenter size-full wp-image-10845\" title=\"FJS_insignia[1]\" src=\"http:\/\/www.fjs1970.se\/wp-content\/uploads\/2012\/04\/FJS_insignia1.jpg\" alt=\"\" width=\"94\" height=\"96\" \/><\/p>\n<p>&nbsp;<\/p>\n<h5>Text fr\u00e5n F\u00f6rsvarsmaktens hemsida:<\/h5>\n<p><span style=\"color: #ebcb98;\">.<\/span><\/p>\n<p style=\"text-align: center;\"><span style=\"color: #0000ff;\"><em>Historik<\/em><\/span><\/p>\n<p><span style=\"color: #0000ff;\"><em>Fallsk\u00e4rmsj\u00e4garskolan (FJS) bildades 1952. Utbildningen var intill 1978 f\u00f6rlagd till \u201dFallsk\u00e4rmsj\u00e4garl\u00e4gret\u201d vid V\u00e4tterstranden utanf\u00f6r Karlsborgs f\u00e4stning. Fallsk\u00e4rmsj\u00e4garskolan flyttade d\u00e4refter in i slutv\u00e4rnet i Karlsborgs f\u00e4stning och ing\u00e5r sedan 1984 i Livregementets husarer (K 3).<\/em><\/span><\/p>\n<p><span style=\"color: #ebcb98;\">\u00a0.<\/span><\/p>\n<p style=\"text-align: center;\"><span style=\"color: #0000ff;\"><em>Nutid<\/em><\/span><\/p>\n<p><span style=\"color: #0000ff;\"><em>Idag b\u00e4r 323.Fallsk\u00e4rmsj\u00e4garkompaniet FJS traditioner vidare. Fallsk\u00e4rmsj\u00e4garkompaniet ing\u00e5r som en del i 32.Underr\u00e4ttelsebataljonen och \u00e4r i och med v\u00e4rnpliktssystemets upph\u00f6rande ett insatsf\u00f6rband best\u00e5ende av anst\u00e4lld personal.<\/em><\/span><\/p>\n<p><span style=\"color: #ebcb98;\">.<\/span><\/p>\n<p style=\"text-align: center;\">\u2666<\/p>\n<p style=\"text-align: left;\"><span style=\"color: #ebcb98;\">.<\/span><\/p>\n<h5 style=\"text-align: center;\">F\u00f6redrag<\/h5>\n<h5 style=\"text-align: center;\">om<\/h5>\n<h5 style=\"text-align: center;\">323:e Fallsk\u00e4rmsj\u00e4garkompaniet<\/h5>\n<p><span style=\"color: #ebcb98;\">.<\/span><\/p>\n<p>Tornie Ottersten kommer till Sk\u00e4rmen nu p\u00e5 fredag, den 20 april klockan 14.30, f\u00f6r att ber\u00e4tta om 323:e Fskj komp.<\/p>\n<p>Alla \u00e4r hj\u00e4rtligt v\u00e4lkomna!<\/p>\n<p><span style=\"color: #ebcb98;\">.<\/span><\/p>\n<p><span style=\"color: #ebcb98;\">.<\/span><\/p>\n<p>Karlsborg den 17 april 2012<\/p>\n<p>Svante<\/p>\n<p><span style=\"color: #ebcb98;\">.<\/span><\/p>\n<p style=\"text-align: center;\">\u2666<\/p>\n<p><span style=\"color: #ebcb98;\">.<\/span><\/p>\n<h5>NOTISER fr\u00e5n Sk\u00e4rmen<\/h5>\n<p><span style=\"color: #ebcb98;\">.<\/span><\/p>\n<p style=\"text-align: center;\"><img loading=\"lazy\" decoding=\"async\" class=\"aligncenter  wp-image-10803\" title=\"DSC01416\" src=\"http:\/\/www.fjs1970.se\/wp-content\/uploads\/2012\/04\/DSC01416-1024x768.jpg\" alt=\"\" width=\"717\" height=\"538\" srcset=\"https:\/\/www.fjs1970.se\/wp-content\/uploads\/2012\/04\/DSC01416-1024x768.jpg 1024w, https:\/\/www.fjs1970.se\/wp-content\/uploads\/2012\/04\/DSC01416-300x225.jpg 300w, https:\/\/www.fjs1970.se\/wp-content\/uploads\/2012\/04\/DSC01416.jpg 1280w\" sizes=\"auto, (max-width: 717px) 100vw, 717px\" \/><\/p>\n<p><span style=\"color: #ebcb98;\">.<\/span><\/p>\n<p>Fallsk\u00e4rmsj\u00e4gare Yngve Persson, som skulle resa bort p\u00e5 sin 70-\u00e5rs dag, uppvaktades av stamg\u00e4sterna p\u00e5 Sk\u00e4rmen n\u00e5gra dagar i f\u00f6rv\u00e4g. Bengt Persson arrangerade och \u00f6verl\u00e4mnade gemensam present, Rolf K\u00e4ck h\u00f6ll tal och tillsammans drack vi kaffe och \u00e5t en smarrig fallsk\u00e4rmsdekorerad t\u00e5rta. Stort grattis Yngve!<\/p>\n<p><span style=\"color: #ebcb98;\">.<\/span><\/p>\n<p style=\"text-align: center;\">\u2666<\/p>\n<p><span style=\"color: #ebcb98;\">.<\/span><\/p>\n<p>Per Ingemarsons f\u00f6redrag p\u00e5 Sk\u00e4rmen den 23 mars blev tyv\u00e4rr inst\u00e4llt. Per har en st\u00e5ende inbjudan och \u00e4r v\u00e4lkommen att ber\u00e4tta om regementet n\u00e4r han f\u00e5r en \u00f6ppning i agendan.<\/p>\n<p style=\"text-align: center;\">\u2666<\/p>\n<p><span style=\"color: #ebcb98;\">.<\/span><\/p>\n<p>&nbsp;<\/p>\n<p>&nbsp;<\/p>\n<p><img loading=\"lazy\" decoding=\"async\" class=\"aligncenter size-thumbnail wp-image-5241\" title=\"FJS-m\u00e4rke 1970\" src=\"http:\/\/www.fjs1970.se\/wp-content\/uploads\/2010\/06\/FJS-m\u00e4rke1-150x150.jpg\" alt=\"\" width=\"150\" height=\"150\" \/><\/p>\n<h1 style=\"text-align: center;\">\u25ca<\/h1>\n","protected":false},"excerpt":{"rendered":"<p>. &nbsp; Text fr\u00e5n F\u00f6rsvarsmaktens hemsida: . Historik Fallsk\u00e4rmsj\u00e4garskolan (FJS) bildades 1952. Utbildningen var intill 1978 f\u00f6rlagd till \u201dFallsk\u00e4rmsj\u00e4garl\u00e4gret\u201d vid V\u00e4tterstranden utanf\u00f6r Karlsborgs f\u00e4stning. Fallsk\u00e4rmsj\u00e4garskolan flyttade d\u00e4refter in i slutv\u00e4rnet i Karlsborgs f\u00e4stning och ing\u00e5r sedan 1984 i Livregementets husarer (K 3). \u00a0. Nutid Idag b\u00e4r 323.Fallsk\u00e4rmsj\u00e4garkompaniet FJS traditioner vidare. Fallsk\u00e4rmsj\u00e4garkompaniet ing\u00e5r som en del [&hellip;]<\/p>\n","protected":false},"author":1,"featured_media":0,"comment_status":"closed","ping_status":"closed","sticky":false,"template":"","format":"standard","meta":{"footnotes":""},"categories":[9],"tags":[6,5],"class_list":["post-10786","post","type-post","status-publish","format-standard","hentry","category-fjs-och-fallskarmsjagarna","tag-fallskarmsjagare","tag-fjs"],"_links":{"self":[{"href":"https:\/\/www.fjs1970.se\/index.php?rest_route=\/wp\/v2\/posts\/10786","targetHints":{"allow":["GET"]}}],"collection":[{"href":"https:\/\/www.fjs1970.se\/index.php?rest_route=\/wp\/v2\/posts"}],"about":[{"href":"https:\/\/www.fjs1970.se\/index.php?rest_route=\/wp\/v2\/types\/post"}],"author":[{"embeddable":true,"href":"https:\/\/www.fjs1970.se\/index.php?rest_route=\/wp\/v2\/users\/1"}],"replies":[{"embeddable":true,"href":"https:\/\/www.fjs1970.se\/index.php?rest_route=%2Fwp%2Fv2%2Fcomments&post=10786"}],"version-history":[{"count":59,"href":"https:\/\/www.fjs1970.se\/index.php?rest_route=\/wp\/v2\/posts\/10786\/revisions"}],"predecessor-version":[{"id":10849,"href":"https:\/\/www.fjs1970.se\/index.php?rest_route=\/wp\/v2\/posts\/10786\/revisions\/10849"}],"wp:attachment":[{"href":"https:\/\/www.fjs1970.se\/index.php?rest_route=%2Fwp%2Fv2%2Fmedia&parent=10786"}],"wp:term":[{"taxonomy":"category","embeddable":true,"href":"https:\/\/www.fjs1970.se\/index.php?rest_route=%2Fwp%2Fv2%2Fcategories&post=10786"},{"taxonomy":"post_tag","embeddable":true,"href":"https:\/\/www.fjs1970.se\/index.php?rest_route=%2Fwp%2Fv2%2Ftags&post=10786"}],"curies":[{"name":"wp","href":"https:\/\/api.w.org\/{rel}","templated":true}]}}