{"id":10706,"date":"2012-04-01T07:01:01","date_gmt":"2012-04-01T05:01:01","guid":{"rendered":"http:\/\/www.fjs1970.se\/?p=10706"},"modified":"2014-06-09T12:38:10","modified_gmt":"2014-06-09T10:38:10","slug":"glad-pask-med-nostalgitripp-till-kiruna","status":"publish","type":"post","link":"https:\/\/www.fjs1970.se\/?p=10706","title":{"rendered":"GLAD P\u00c5SK med -Nostalgitripp till Kiruna-"},"content":{"rendered":"<p style=\"text-align: center;\"><span style=\"color: #edd2aa;\"><img loading=\"lazy\" decoding=\"async\" class=\"aligncenter size-full wp-image-10715\" title=\"Bengt Kuoppala\" src=\"http:\/\/www.fjs1970.se\/wp-content\/uploads\/2012\/03\/Kiruna-1971-2.jpg\" alt=\"\" width=\"524\" height=\"719\" srcset=\"https:\/\/www.fjs1970.se\/wp-content\/uploads\/2012\/03\/Kiruna-1971-2.jpg 524w, https:\/\/www.fjs1970.se\/wp-content\/uploads\/2012\/03\/Kiruna-1971-2-218x300.jpg 218w\" sizes=\"auto, (max-width: 524px) 100vw, 524px\" \/><br \/>\n<\/span><\/p>\n<p><span style=\"color: #edd2aa;\">.<\/span><\/p>\n<p><span style=\"color: #efcc94;\">.<\/span><\/p>\n<h5 align=\"center\">Nostalgitripp till Kiruna<\/h5>\n<p>En go och glad Alf Josefsson, GU 53\/54, m\u00f6ter oss vid ankomsten till Kiruna. Den tidigare f\u00f6retagaren och hemv\u00e4rnschefen och idag fortfarande mycket vitale pension\u00e4ren och kommunpolitikern har f\u00f6rberett v\u00e5r ankomst v\u00e4l. Vi inkvarteras hos Anna-Britta i Kalixfors och sen tar han ut oss p\u00e5 en rundtur i trakten. Han ber\u00e4ttar med v\u00e4rme och entusiasm om gamla minnen och om dagens fantastiska f\u00f6r\u00e4ndringar och utveckling. Enorma investeringar i infrastruktur med ny j\u00e4rnv\u00e4g till gruvan, nya v\u00e4gar, rivning och flyttning av stora delar av staden. Priset p\u00e5 malmen har rusat i h\u00f6jden och framtiden ser mycket ljus ut f\u00f6r Kiruna.<\/p>\n<p>Vi bes\u00f6ker v\u00e5r gamla f\u00f6rl\u00e4ggning p\u00e5 J\u00e4garskolan d\u00e4r sjukavdelningen har intagits av Lapplandsj\u00e4gargruppen, som numera \u00e4r Sveriges nordligaste milit\u00e4ra utpost. Deras fr\u00e4msta uppgift \u00e4r att utbilda och tr\u00e4na hemv\u00e4rnsf\u00f6rband och man genomf\u00f6r \u00e4ven grundl\u00e4ggande milit\u00e4r utbildning (GMU) samt st\u00f6djer andra f\u00f6rband. V\u00e5ra logement inhyser numera Vita Viddernas barnskola och h\u00e4r finns idag en fin skridskobana p\u00e5 framsidan och p\u00e5 baksidan \u00e4r barnen fullt sysselsatta med skid\u00e5kning. Inomhus \u00e4r mycket sig likt men den gamla asbesten i v\u00e4ggarna har sanerats bort, ber\u00e4ttar f\u00f6rest\u00e5ndaren, och den goa tj\u00e4rlukten fr\u00e5n k\u00e4llarv\u00e5ningens vallabod \u00e4r borta eftersom dagens skidor inte kr\u00e4ver samma behandling som v\u00e5ra Vita Blixten. Logementv\u00e4ggar och korridorer t\u00e4cks idag av f\u00e4rggranna barnteckningar och disciplinen hos eleverna \u00e4r dessb\u00e4ttre n\u00e5got friare \u00e4n under v\u00e5r tid. Vita Viddernas barnskola har utomhusaktiviteter som profil och p\u00e5 s\u00e5 s\u00e4tt kan man ju s\u00e4ga att dagens verksamhet b\u00e4r den tidigare traditionen vidare.<\/p>\n<p>&nbsp;<\/p>\n<p>Samma kv\u00e4ll bes\u00f6ker Bengt och jag Sven-Erik Fjellborg, GU 70\/71, som bjuder p\u00e5 kaffe med kaffeost och en trevlig pratstund om hundspann, skid\u00e5kning, skidstruktur och mycket annat. Ett gemensamt skratt h\u00f6rs n\u00e4r Sven-Erik och Bengt minns FJS deltagande i patrullt\u00e4vlingen mellan brigaden i Nordnorge, J\u00e4garskolan och FJS. T\u00e4vlingen gick av stapeln i Setermoen vintern 1971 och FJS-patrullen bestod av patrullchef fanjunkare Persson, stf patrullchef vpl sergeanten Fransson och som manskap vpl 337 Simonsson och vpl 232 Fjellborg. J\u00e4garskolan vann och det lite klena resultatet f\u00f6r FJS berodde p\u00e5 patrullens ovana vid att t\u00e4vla p\u00e5 h\u00f6g h\u00f6jd, enligt patrullchefen.<\/p>\n<p style=\"text-align: center;\"><img loading=\"lazy\" decoding=\"async\" class=\"aligncenter  wp-image-10757\" title=\"FJS patrullt\u00e4vlan 1971\" src=\"http:\/\/www.fjs1970.se\/wp-content\/uploads\/2012\/03\/FJS-patrullt\u00e4vlan-1971-1024x697.jpg\" alt=\"\" width=\"717\" height=\"488\" srcset=\"https:\/\/www.fjs1970.se\/wp-content\/uploads\/2012\/03\/FJS-patrullt\u00e4vlan-1971-1024x697.jpg 1024w, https:\/\/www.fjs1970.se\/wp-content\/uploads\/2012\/03\/FJS-patrullt\u00e4vlan-1971-300x204.jpg 300w, https:\/\/www.fjs1970.se\/wp-content\/uploads\/2012\/03\/FJS-patrullt\u00e4vlan-1971.jpg 1280w\" sizes=\"auto, (max-width: 717px) 100vw, 717px\" \/><\/p>\n<p>Sven-Erik ber\u00e4ttar om sin uppv\u00e4xt h\u00e4r p\u00e5 f\u00f6r\u00e4ldrag\u00e5rden i Kaalasj\u00e4rvi d\u00e4r han redan som barn fick ta del av arbetet och tidigt delta i jakt och fiske. Yrkeslivet har han, f\u00f6rutom en kort sejour i gruvan, haft inom SJ. Idrottskarri\u00e4ren tog tidigt sin b\u00f6rjan och med draghundar t\u00e4ndes intresset 1979 efter en f\u00f6rfr\u00e5gan fr\u00e5n Hans Bj\u00f6rnstr\u00f6m om att assistera honom i en t\u00e4vling. Sedan f\u00f6ljde en karri\u00e4r med stora framg\u00e5ngar i nordisk stil, hundk\u00f6rningens formel 1, vilket resulterade i 45 medaljer varav 16 SM-guld och ett EM-silver. Ett l\u00e4ngre uppeh\u00e5ll n\u00e4r karri\u00e4ren var \u00f6ver medf\u00f6rde vikt\u00f6kning, s\u00e5 nu tr\u00e4nar Sven-Erik dagligen igen och \u00e4r i riktigt god form. Som pension\u00e4r har han \u00e4ven blivit en hett efterfr\u00e5gad skidfixare, vilket inneb\u00e4r att han tillbringar delar av sin tid p\u00e5 Intersport i Kiruna med att skapa strukturer i belagen p\u00e5 dagens skidor. En t\u00e4nkt snabbfika visade sig bli flera timmar l\u00e5ng innan vi \u00e5terv\u00e4nder till basen f\u00f6r en god natts s\u00f6mn.<\/p>\n<p>&nbsp;<\/p>\n<p>Efter en nyttig gr\u00f6tfrukost, bland soldater p\u00e5 v\u00e4g till en \u00f6vning i den svenska fj\u00e4llv\u00e4rlden, tar vi v\u00e5r Kia-diesel och drar mot Altaj\u00e4rvi. Str\u00e5lande sol, mycket sn\u00f6, riktigt h\u00e4rligt vinterv\u00e4glag och med en s\u00e4ker fanjunkare vid ratten far vi de f\u00e5 milen till sj\u00f6n. V\u00e4l d\u00e4r erinrar jag mig 136 Torkel S\u00f6derstr\u00f6ms sp\u00e4nnande artikel i tidningen UTE-magasinet, som premierades med Victorinox st\u00f6rsta f\u00e4llkniv, och \u00e4ven 304 Edgrens korta noteringar i sin hoppjournal:<\/p>\n<p><em>\u201dDen 23 februari -71 hoppade vi fr\u00e5n Hercules p\u00e5 Altaj\u00e4rvi st\u00e5r det i min journal. Under anteckningar \u2028har jag skrivit att det bl\u00e5ste 1 \u2013 2 m\/s, det var ett natthopp och det var -38 grader (vakten \u2028j\u00e4garskolan i Kiruna).\u00a0Utrustning ryggs\u00e4ck.\u00a0F\u00f6rfr\u00f6s n\u00e4san. \u2028\u2028Det d\u00e4r med n\u00e4san kommer jag ih\u00e5g, f\u00f6r det var kallt, rysligt kallt. Jag har varken tidigare eller senare\u2028 varit med om n\u00e5got liknande\u201d.<\/em><\/p>\n<p style=\"text-align: center;\"><img loading=\"lazy\" decoding=\"async\" class=\"aligncenter  wp-image-10762\" title=\"DSC01314\" src=\"http:\/\/www.fjs1970.se\/wp-content\/uploads\/2012\/03\/DSC01314-1024x275.jpg\" alt=\"\" width=\"717\" height=\"193\" srcset=\"https:\/\/www.fjs1970.se\/wp-content\/uploads\/2012\/03\/DSC01314-1024x275.jpg 1024w, https:\/\/www.fjs1970.se\/wp-content\/uploads\/2012\/03\/DSC01314-300x80.jpg 300w, https:\/\/www.fjs1970.se\/wp-content\/uploads\/2012\/03\/DSC01314.jpg 1280w\" sizes=\"auto, (max-width: 717px) 100vw, 717px\" \/><\/p>\n<p><span style=\"color: #eac899;\">.<\/span><\/p>\n<p>Idag st\u00e5r en stor och inbjudande bastu mitt ute p\u00e5 isen. Det hade varit n\u00e5got att krypa in i natten den 23 februari 1971\u2026<\/p>\n<p style=\"text-align: center;\"><img loading=\"lazy\" decoding=\"async\" class=\"aligncenter  wp-image-10763\" title=\"DSC01318\" src=\"http:\/\/www.fjs1970.se\/wp-content\/uploads\/2012\/03\/DSC01318-1024x224.jpg\" alt=\"\" width=\"717\" height=\"157\" srcset=\"https:\/\/www.fjs1970.se\/wp-content\/uploads\/2012\/03\/DSC01318-1024x224.jpg 1024w, https:\/\/www.fjs1970.se\/wp-content\/uploads\/2012\/03\/DSC01318-300x65.jpg 300w, https:\/\/www.fjs1970.se\/wp-content\/uploads\/2012\/03\/DSC01318.jpg 1280w\" sizes=\"auto, (max-width: 717px) 100vw, 717px\" \/><\/p>\n<p><span style=\"color: #f0c793;\">.<\/span><\/p>\n<p>Riktigt kalla h\u00e4ndelser g\u00f6r sig pl\u00f6tsligt p\u00e5minda, som natten n\u00e4r vi hade minus 47 grader under en f\u00f6rflyttning p\u00e5 en myr inte s\u00e5 l\u00e5ngt fr\u00e5n Kiruna. Vid en kontroll f\u00f6r n\u00e5got \u00e5r sen i den officiella statistiken hos SMHI noterade Vuoggatj\u00e5lme den 4 mars 1971 en l\u00e4gsta dygnstemperatur p\u00e5 minus 45,8 grader. Vi som var med har tidigare uttryckt v\u00e5ra tankar om hur kallt det egentligen var. 306 Bengt Sj\u00f6bergs analys \u00e4r dock glasklar:<\/p>\n<p><em>\u201dJag har alltid ber\u00e4ttat f\u00f6r alla som vill h\u00f6ra att det var\u00a0minus 46 grader \u2013 och n\u00e4r jag bet\u00e4nker hur liten pitten va\u2019 den natten s\u00e5 var det s\u00e4kert minus 47 ocks\u00e5\u201d.<\/em><\/p>\n<p>&nbsp;<\/p>\n<p>F\u00e4rden forts\u00e4tter nu till Jukkasj\u00e4rvi och ett bes\u00f6k i kyrkan. Bror Hjorths f\u00e4rgstarka altartavla dominerar den vackra lilla kyrkan och Lars Levi Laestadius ord, inpr\u00e4ntade i tavlan, ger en fingervisning om d\u00e5tida predikningar:<\/p>\n<p><em>\u201dNi drinkare och tjuvar. Ni horkarlar och horkonor omv\u00e4nden Eder\u201d.<\/em><\/p>\n<p>Jukkasj\u00e4rvi Icehotel fanns inte n\u00e4r vi gjorde GU men f\u00e5r \u00e4nd\u00e5 ett bes\u00f6k. H\u00e4r tar vi en fika och fanjunkar\u00b4n \u00f6verv\u00e4ger f\u00f6r ett \u00f6gonblick att konsultera den n\u00e4rvarande Leif Silbersky ang\u00e5ende en svensk\/estnisk fastighetsspekulant, som han g\u00e4rna skulle vilja ge en n\u00e4sbr\u00e4nna. Han besinnar sig dock och ist\u00e4llet \u00e4gnar vi en trevlig stund bland fantastiska byggnadsverk av is. Noteras kan att fastighetsf\u00f6rs\u00e4ljningen nu \u00e4r i hamn med annan k\u00f6pare och n\u00e4r guldet s\u00e5 sm\u00e5ningom sitter p\u00e5 fanjunkar\u00b4ns konto s\u00e5 har han lovat att svepa sitt livs f\u00f6rsta stark\u00f6l vid en fredagsfika p\u00e5 Sk\u00e4rmen. Huvaligen!<\/p>\n<p>&nbsp;<\/p>\n<p>Vi \u00e5terv\u00e4nder till Kiruna och tillbringar en stund i stadshuset. F\u00f6rmodligen \u00e4r det sista g\u00e5ngen som vi f\u00e5r se den st\u00e5tliga byggnaden med dess nuvarande placering eftersom \u00e4ven stadshuset kommer att rivas och byggas upp p\u00e5 ny plats. En monter med den store skid\u00e5karen Kiruna-Lasses historik, prissamling och en del tillbeh\u00f6r f\u00e5r fanjunkar\u00b4n att dr\u00f6mma om gamla tiders tr\u00e4skidor och klassisk \u00e5kning. 1936 blev Kiruna-Lasse olympisk guldmedalj\u00f6r p\u00e5 18 km skidor i Garmisch-Partenkirchen och n\u00e4mnas kan att f\u00f6rfattaren \u00c5sa Larsson \u00e4r barnbarn till honom. Efter en v\u00e4lsmakande lunch i det nya och moderna k\u00f6pcentrat drar vi oss tillbaka till basen och f\u00e5r en timmes ryggl\u00e4ge innan eftermiddagens aktiviteter ska b\u00f6rja.<\/p>\n<p>&nbsp;<\/p>\n<p>Kv\u00e4llen inneh\u00e5ller v\u00e5rt m\u00f6te med Bengt Kuoppala som ocks\u00e5 \u00e4r h\u00f6jdpunkten p\u00e5 &#8221;fanjunkare&#8221; Bengt Perssons och min resa.\u00a0En gemensam middag \u00e4r inbokad med skogsm\u00e4nnen och fallsk\u00e4rmsj\u00e4garna Bengt Kuoppala, Alf Josefsson och Sven-Erik Fjellborg.\u00a0M\u00f6tet \u00f6ver en bit mat p\u00e5 Hotell Ferrum p\u00e5g\u00e5r l\u00e4nge och en mycket talf\u00f6r Bengt Kuoppala ber\u00e4ttar om sig sj\u00e4lv och m\u00e4nniskor han m\u00f6tt. Bengt \u00e4r f\u00f6dd och uppvuxen i Lovikka, en liten by bel\u00e4gen vid Torne\u00e4lven mellan Vittangi och Pajala. Efter skolg\u00e5ngen arbetade han i skogen och \u00e5r 1958, som 19-\u00e5ring, p\u00e5b\u00f6rjade han sin v\u00e4rnpliktstj\u00e4nstg\u00f6ring hos kustj\u00e4garna, KJS. En tuff utmaning med tanke p\u00e5 att han inte var simkunnig. Bengt blev efter hand en duktig simmare och genomgick utbildning till bef\u00e4l vid kustj\u00e4garna. 1963 genomf\u00f6rde han kurs 0231 vid FJS och efter att ha fortsatt ytterligare n\u00e5gra \u00e5r vid kustj\u00e4garna flyttade han 1966 till FJS och stannade i tio \u00e5r. Under sin tid i Karlsborg blev han mycket omtyckt och en av de stora n\u00e4r det g\u00e4llde utbildning i j\u00e4gartj\u00e4nst. 1976 gick flyttlasset till Kiruna och tj\u00e4nstg\u00f6ring vid Lapplands j\u00e4garregemente (fd J\u00e4garskolan). Bengt tj\u00e4nstgjorde h\u00e4r i olika befattningar fram till sin pensionering 1994.<\/p>\n<p>Stugan vid Oinakkaj\u00e4rvi, 15 km NO Kiruna, blev nu platsen d\u00e4r Bengt som pension\u00e4r tillbringar en stor del av sin tid och h\u00e4r \u00e4r jakt och fiske ett viktigt inslag i tillvaron.<\/p>\n<p style=\"text-align: center;\"><img loading=\"lazy\" decoding=\"async\" class=\"aligncenter  wp-image-10453\" title=\"Kuoppala p\u00e5 Ferrum\" src=\"http:\/\/www.fjs1970.se\/wp-content\/uploads\/2012\/03\/Kuoppala-p\u00e5-Ferrum-1024x647.jpg\" alt=\"\" width=\"717\" height=\"453\" srcset=\"https:\/\/www.fjs1970.se\/wp-content\/uploads\/2012\/03\/Kuoppala-p\u00e5-Ferrum-1024x647.jpg 1024w, https:\/\/www.fjs1970.se\/wp-content\/uploads\/2012\/03\/Kuoppala-p\u00e5-Ferrum-300x189.jpg 300w, https:\/\/www.fjs1970.se\/wp-content\/uploads\/2012\/03\/Kuoppala-p\u00e5-Ferrum.jpg 1280w\" sizes=\"auto, (max-width: 717px) 100vw, 717px\" \/><\/p>\n<p>Dr\u00e5pliga historier och hj\u00e4rtliga skratt h\u00f6rs runt bordet. Emellan\u00e5t f\u00e5r upphetsningen de fyra norrl\u00e4nningarna att prata en obegriplig rappakalja (Me\u00e4nkieli) och jag f\u00e5r knacka i bordet f\u00f6r att f\u00e5 dem att \u00e5terg\u00e5 till vanlig och mer begriplig norrlandssvenska.<\/p>\n<p>Bengts varma, \u00e4rliga och raka karakt\u00e4r speglar hans ber\u00e4ttelser och jag kan till\u00e4gga att b\u00e5de r\u00f6sten och dialekten tycks mig exakt som den var 1970\/71. Han var och \u00e4r f\u00f6r mig urtypen av en genuin fallsk\u00e4rmsj\u00e4gare. Vi framf\u00f6r hur omtyckt han var av oss v\u00e4rnpliktiga och att vi g\u00e4rna skulle se honom i Karlsborg vid n\u00e5gon av v\u00e5ra tr\u00e4ffar.<\/p>\n<p>Ett av mina goa minnen fr\u00e5n tiden tillsammans med Bengt vintern 1971 \u00e4r en historia som jag tidigare ber\u00e4ttat,<\/p>\n<p><em>Vid en f\u00f6rflyttning p\u00e5 skidor under bef\u00e4l av v\u00e5r\u00a0genuine skogs- och fj\u00e4llman \u00f6fu Bengt Kuoppala f\u00e5r vi pl\u00f6tsligt se en grann vit hare en bit framf\u00f6r oss\u00a0i sn\u00f6n. Haren sitter blick stilla och tror sig vara osynlig. D\u00e5\u00a0ber\u00e4ttar Bengt Kuoppala, inf\u00f6r en fascinerad grupp unga fallsk\u00e4rmsj\u00e4gare, tricket hur man enkelt och ljudl\u00f6st f\u00e5r den fina haren i stekpannan och stillar sin hunger.<\/em><\/p>\n<p><em>B\u00f6rja med att g\u00e5 i en vid cirkel runt haren! Cirkeln minskas f\u00f6r varje varv och man n\u00e4rmar sig nu l\u00e5ngsamt den konfunderade haren. Stannar man s\u00e5 sticker den men r\u00f6r man sig stillsamt hela tiden kommer man s\u00e5 sm\u00e5ningom tillr\u00e4ckligt n\u00e4ra f\u00f6r att med en snabb handr\u00f6relse greppa den i \u00f6ronen. L\u00e4tt som en pl\u00e4tt tyckte vi och faktiskt riktigt\u00a0trov\u00e4rdigt i motsats till det man fick l\u00e4ra sig som liten \u201dOm du str\u00f6r salt p\u00e5 stj\u00e4rten p\u00e5 sm\u00e5f\u00e5glarna s\u00e5 blir de tama\u201d.<\/em><\/p>\n<p>&nbsp;<\/p>\n<p>Tredje dagen bjuder p\u00e5 en gudomlig morgon med femton minusgrader, stj\u00e4rnklart och ett gryende ljus \u00f6ver horisonten i \u00f6ster. Vi packar och l\u00e4mnar Kalixfors f\u00f6r en tidig frukost p\u00e5 busstationen i Kiruna, d\u00e4r Bengt l\u00e5nat lite utrymme i kr\u00f6garens frys \u00f6ver natten. Vi tj\u00f4tar med ett g\u00e4ng morgonpigga gamla stammisar, som m\u00f6ts h\u00e4r varje morgon, och snart \u00e4r Bengt inblandad i en diskussion om namn, sl\u00e4ktskap och hembyar medan jag pratar hockey och Fr\u00f6lunda med den gamle \u201dG\u00f6teborgaren\u201d som flyttade hit f\u00f6r 55 \u00e5r sedan.<\/p>\n<p>M\u00e4tta och bel\u00e5tna och med Bengts kylv\u00e4ska fylld till br\u00e4dden av norrl\u00e4ndska delikatesser beger vi oss till Kiruna Airport, \u00e5terl\u00e4mnar den trevliga lilla hyrbilen och tar flyget s\u00f6derut.<\/p>\n<p><span style=\"color: #f0c992;\">.<\/span><\/p>\n<p><span style=\"color: #f0c992;\">.<\/span><\/p>\n<p><strong>Nostalgikerna fr\u00e5n GU 1970\/71<\/strong><\/p>\n<p>Fanjunkare Persson<\/p>\n<p>och<\/p>\n<p>Bev\u00e4ringen 201 Larsson<\/p>\n<p><span style=\"color: #eac58f;\">.<\/span><\/p>\n<p><span style=\"color: #f0c992;\">.<\/span><\/p>\n<p>PS. Resan till Kiruna gjorde vi i slutet p\u00e5 februari 2012. DS.<\/p>\n<p><span style=\"color: #edce96;\">.<\/span><\/p>\n<p><span style=\"color: #edce96;\">.<\/span><\/p>\n<p style=\"text-align: center;\"><img loading=\"lazy\" decoding=\"async\" class=\"aligncenter  wp-image-10772\" title=\"DSC01294\" src=\"http:\/\/www.fjs1970.se\/wp-content\/uploads\/2012\/03\/DSC012941-1024x309.jpg\" alt=\"\" width=\"717\" height=\"216\" srcset=\"https:\/\/www.fjs1970.se\/wp-content\/uploads\/2012\/03\/DSC012941-1024x309.jpg 1024w, https:\/\/www.fjs1970.se\/wp-content\/uploads\/2012\/03\/DSC012941-300x90.jpg 300w, https:\/\/www.fjs1970.se\/wp-content\/uploads\/2012\/03\/DSC012941.jpg 1280w\" sizes=\"auto, (max-width: 717px) 100vw, 717px\" \/><\/p>\n<p><span style=\"color: #eac58f;\">.<\/span><\/p>\n<p style=\"text-align: center;\"><img loading=\"lazy\" decoding=\"async\" class=\"aligncenter  wp-image-10773\" title=\"DSC01296\" src=\"http:\/\/www.fjs1970.se\/wp-content\/uploads\/2012\/03\/DSC01296-1024x313.jpg\" alt=\"\" width=\"717\" height=\"219\" srcset=\"https:\/\/www.fjs1970.se\/wp-content\/uploads\/2012\/03\/DSC01296-1024x313.jpg 1024w, https:\/\/www.fjs1970.se\/wp-content\/uploads\/2012\/03\/DSC01296-300x91.jpg 300w, https:\/\/www.fjs1970.se\/wp-content\/uploads\/2012\/03\/DSC01296.jpg 1280w\" sizes=\"auto, (max-width: 717px) 100vw, 717px\" \/><\/p>\n<p><span style=\"color: #ebc98d;\">.<\/span><\/p>\n<p style=\"text-align: center;\"><img loading=\"lazy\" decoding=\"async\" class=\" wp-image-10728 aligncenter\" title=\"Nostalgikerna\" src=\"http:\/\/www.fjs1970.se\/wp-content\/uploads\/2012\/03\/DSC01298-1024x657.jpg\" alt=\"\" width=\"717\" height=\"460\" srcset=\"https:\/\/www.fjs1970.se\/wp-content\/uploads\/2012\/03\/DSC01298-1024x657.jpg 1024w, https:\/\/www.fjs1970.se\/wp-content\/uploads\/2012\/03\/DSC01298-300x192.jpg 300w, https:\/\/www.fjs1970.se\/wp-content\/uploads\/2012\/03\/DSC01298.jpg 1280w\" sizes=\"auto, (max-width: 717px) 100vw, 717px\" \/><\/p>\n<p><span style=\"color: #eac58f;\">.<\/span><\/p>\n<p><span style=\"color: #eac58f;\">.<\/span><\/p>\n<p>&nbsp;<\/p>\n<p><img loading=\"lazy\" decoding=\"async\" class=\"aligncenter size-thumbnail wp-image-5241\" title=\"FJS-m\u00e4rke 1970\" src=\"http:\/\/www.fjs1970.se\/wp-content\/uploads\/2010\/06\/FJS-m\u00e4rke1-150x150.jpg\" alt=\"\" width=\"150\" height=\"150\" \/><\/p>\n<h1 style=\"text-align: center;\">\u25ca<\/h1>\n","protected":false},"excerpt":{"rendered":"<p>. . Nostalgitripp till Kiruna En go och glad Alf Josefsson, GU 53\/54, m\u00f6ter oss vid ankomsten till Kiruna. Den tidigare f\u00f6retagaren och hemv\u00e4rnschefen och idag fortfarande mycket vitale pension\u00e4ren och kommunpolitikern har f\u00f6rberett v\u00e5r ankomst v\u00e4l. Vi inkvarteras hos Anna-Britta i Kalixfors och sen tar han ut oss p\u00e5 en rundtur i trakten. Han [&hellip;]<\/p>\n","protected":false},"author":1,"featured_media":0,"comment_status":"closed","ping_status":"closed","sticky":false,"template":"","format":"standard","meta":{"footnotes":""},"categories":[9],"tags":[142,6,5],"class_list":["post-10706","post","type-post","status-publish","format-standard","hentry","category-fjs-och-fallskarmsjagarna","tag-bengt-kuoppala","tag-fallskarmsjagare","tag-fjs"],"_links":{"self":[{"href":"https:\/\/www.fjs1970.se\/index.php?rest_route=\/wp\/v2\/posts\/10706","targetHints":{"allow":["GET"]}}],"collection":[{"href":"https:\/\/www.fjs1970.se\/index.php?rest_route=\/wp\/v2\/posts"}],"about":[{"href":"https:\/\/www.fjs1970.se\/index.php?rest_route=\/wp\/v2\/types\/post"}],"author":[{"embeddable":true,"href":"https:\/\/www.fjs1970.se\/index.php?rest_route=\/wp\/v2\/users\/1"}],"replies":[{"embeddable":true,"href":"https:\/\/www.fjs1970.se\/index.php?rest_route=%2Fwp%2Fv2%2Fcomments&post=10706"}],"version-history":[{"count":67,"href":"https:\/\/www.fjs1970.se\/index.php?rest_route=\/wp\/v2\/posts\/10706\/revisions"}],"predecessor-version":[{"id":10785,"href":"https:\/\/www.fjs1970.se\/index.php?rest_route=\/wp\/v2\/posts\/10706\/revisions\/10785"}],"wp:attachment":[{"href":"https:\/\/www.fjs1970.se\/index.php?rest_route=%2Fwp%2Fv2%2Fmedia&parent=10706"}],"wp:term":[{"taxonomy":"category","embeddable":true,"href":"https:\/\/www.fjs1970.se\/index.php?rest_route=%2Fwp%2Fv2%2Fcategories&post=10706"},{"taxonomy":"post_tag","embeddable":true,"href":"https:\/\/www.fjs1970.se\/index.php?rest_route=%2Fwp%2Fv2%2Ftags&post=10706"}],"curies":[{"name":"wp","href":"https:\/\/api.w.org\/{rel}","templated":true}]}}