{"id":10333,"date":"2012-03-06T05:38:08","date_gmt":"2012-03-06T04:38:08","guid":{"rendered":"http:\/\/www.fjs1970.se\/?p=10333"},"modified":"2012-03-06T06:04:31","modified_gmt":"2012-03-06T05:04:31","slug":"skarmen-pa-fredag-tor-cavalli-bjorkman-om-fos","status":"publish","type":"post","link":"https:\/\/www.fjs1970.se\/?p=10333","title":{"rendered":"Sk\u00e4rmen p\u00e5 fredag: Tor Cavalli-Bj\u00f6rkman om F\u00d6S"},"content":{"rendered":"<p style=\"text-align: center;\"><img loading=\"lazy\" decoding=\"async\" class=\" wp-image-10349 aligncenter\" title=\"F\u00d6S dekal\" src=\"http:\/\/www.fjs1970.se\/wp-content\/uploads\/2012\/02\/F\u00d6S-dekal.jpg\" alt=\"\" width=\"242\" height=\"359\" srcset=\"https:\/\/www.fjs1970.se\/wp-content\/uploads\/2012\/02\/F\u00d6S-dekal.jpg 404w, https:\/\/www.fjs1970.se\/wp-content\/uploads\/2012\/02\/F\u00d6S-dekal-202x300.jpg 202w\" sizes=\"auto, (max-width: 242px) 100vw, 242px\" \/><\/p>\n<p><span style=\"color: #0000ff;\"><em>F\u00f6rsvarsmaktens \u00f6verlevnadsskola, F\u00f6s, arbetar med utbildningar inom Personnel Recovery (PR) och st\u00f6djer utvecklingen av f\u00f6rm\u00e5gan i F\u00f6rsvarsmakten.<\/em><\/span><\/p>\n<p><span style=\"color: #0000ff;\"><em>Personnel Recovery \u00e4r samlingsbegreppet f\u00f6r flera olika typer av \u00e5tg\u00e4rder och operationer med syftet att \u00e5terf\u00f6ra personal som isolerats i samband med en n\u00f6dsituation<\/em>.<\/span><\/p>\n<p><span style=\"color: #edd9aa;\">.<\/span><\/p>\n<p><img loading=\"lazy\" decoding=\"async\" class=\" wp-image-10371   alignnone\" title=\"Cav 1 photo\" src=\"http:\/\/www.fjs1970.se\/wp-content\/uploads\/2012\/02\/Cav-1-photo.jpg\" alt=\"\" width=\"737\" height=\"553\" srcset=\"https:\/\/www.fjs1970.se\/wp-content\/uploads\/2012\/02\/Cav-1-photo.jpg 1024w, https:\/\/www.fjs1970.se\/wp-content\/uploads\/2012\/02\/Cav-1-photo-300x225.jpg 300w\" sizes=\"auto, (max-width: 737px) 100vw, 737px\" \/><\/p>\n<p><span style=\"color: #ebd1ac;\">.<\/span><\/p>\n<h5 style=\"text-align: center;\">F\u00f6redrag<\/h5>\n<h5 style=\"text-align: center;\">om<\/h5>\n<h5 style=\"text-align: center;\">F\u00f6rsvarsmaktens \u00f6verlevnadsskola<\/h5>\n<p><span style=\"color: #ebd1ac;\">.<\/span><\/p>\n<p>Nu p\u00e5 fredag, den 9 mars, klockan 14.30 kommer fallsk\u00e4rmsj\u00e4gare Tor Cavalli-Bj\u00f6rkman till Sk\u00e4rmen och ber\u00e4ttar om dagens \u00f6verlevnadsskola.\u00a0V\u00e4lkommen att ta en fika och lyssna!<\/p>\n<p>Har Du fr\u00e5gor s\u00e5 kontaktar Du mig p\u00e5 L\u00e4gertelefonen 0703-646791.<\/p>\n<p><span style=\"color: #edbb81;\">.<\/span><\/p>\n<p>Fallsk\u00e4rmsj\u00e4garbastun \u00e4r varm fr\u00e5n 15.30.<\/p>\n<p><span style=\"color: #ebd1ac;\">.<\/span><\/p>\n<p><span style=\"color: #ebd1ac;\">.<\/span><\/p>\n<p>Med v\u00e4nliga (v\u00e5r)h\u00e4lsningar fr\u00e5n Kalleborg,<\/p>\n<p>Svante<\/p>\n<p>0706-913891<\/p>\n<p><span style=\"color: #ebd1ac;\">.<\/span><\/p>\n<p>PS. H\u00e4r nedan f\u00f6ljer en rapport om aktiviteter som skett under februari m\u00e5nad. DS<\/p>\n<p style=\"text-align: left;\"><span style=\"color: #edc48b;\">.<\/span><\/p>\n<p style=\"text-align: center;\">\u2666<\/p>\n<p style=\"text-align: left;\"><span style=\"color: #edca95;\">.<\/span><\/p>\n<h5 style=\"text-align: center;\">\u00c5landskryssning<\/h5>\n<div id=\"attachment_10334\" style=\"width: 778px\" class=\"wp-caption alignnone\"><img loading=\"lazy\" decoding=\"async\" aria-describedby=\"caption-attachment-10334\" class=\" wp-image-10334\" title=\"\u00c5landstur 120220-21\" src=\"http:\/\/www.fjs1970.se\/wp-content\/uploads\/2012\/02\/\u00c5landstur.jpg\" alt=\"\" width=\"768\" height=\"440\" srcset=\"https:\/\/www.fjs1970.se\/wp-content\/uploads\/2012\/02\/\u00c5landstur.jpg 1280w, https:\/\/www.fjs1970.se\/wp-content\/uploads\/2012\/02\/\u00c5landstur-300x171.jpg 300w, https:\/\/www.fjs1970.se\/wp-content\/uploads\/2012\/02\/\u00c5landstur-1024x586.jpg 1024w\" sizes=\"auto, (max-width: 768px) 100vw, 768px\" \/><p id=\"caption-attachment-10334\" class=\"wp-caption-text\">Svante Larsson, Yngve Persson, Bengt Persson, Pelle Hagberg, Harry Lantz och Tore &quot;Sam&quot; Samuelsson<\/p><\/div>\n<p style=\"text-align: left;\"><span style=\"color: #eace99;\">.<\/span><\/p>\n<p>I mitten p\u00e5 februari for n\u00e5gra gamla fallsk\u00e4rmsj\u00e4gare p\u00e5 en \u00c5landskryssning. Trevligt tj\u00f4t, m\u00e5nga skratt, god mat i en trivsam milj\u00f6 gjorde resan till den avkoppling som vi hade t\u00e4nkt oss.<\/p>\n<p>Fortifikationsofficer Harry och Ribb\u00e5tsskeppare Pelle gav \u00f6vriga en rej\u00e4l och detaljerad beskrivning av Stockholms vackra sk\u00e4rg\u00e5rd b\u00e5de ur f\u00f6rsvars-, navigations- s\u00e5v\u00e4l som k\u00e4ndisperspektiv. Fyrljus, farledsriktningar, S\u00f6derarm, Oxdjupet, Carola, Salming, Stenmark, J\u00e4garNisses son och mycket annat var p\u00e5 tapeten under inseglingen till Stockholm.<\/p>\n<p>Vid \u00e5terkomsten var alla n\u00f6jda med resan och det beslutades att Harry skulle unders\u00f6ka m\u00f6jligheten med en tur till Estland lite l\u00e4ngre fram i v\u00e5r. Harry \u00e5terkommer med detaljer och jag marknadsf\u00f6r sedan resan p\u00e5 b\u00e4sta s\u00e4tt.<\/p>\n<p style=\"text-align: left;\"><span style=\"color: #eace99;\">.<\/span><\/p>\n<p style=\"text-align: center;\">\u2666<\/p>\n<p style=\"text-align: left;\"><span style=\"color: #eace99;\">.<\/span><\/p>\n<h5 style=\"text-align: center;\">Fallsk\u00e4rmsavdelningen<\/h5>\n<div id=\"attachment_10532\" style=\"width: 778px\" class=\"wp-caption alignnone\"><img loading=\"lazy\" decoding=\"async\" aria-describedby=\"caption-attachment-10532\" class=\" wp-image-10532\" title=\"MAR_0873\" src=\"http:\/\/www.fjs1970.se\/wp-content\/uploads\/2012\/03\/MAR_0873.jpg\" alt=\"\" width=\"768\" height=\"363\" srcset=\"https:\/\/www.fjs1970.se\/wp-content\/uploads\/2012\/03\/MAR_0873.jpg 1280w, https:\/\/www.fjs1970.se\/wp-content\/uploads\/2012\/03\/MAR_0873-300x141.jpg 300w, https:\/\/www.fjs1970.se\/wp-content\/uploads\/2012\/03\/MAR_0873-1024x484.jpg 1024w\" sizes=\"auto, (max-width: 768px) 100vw, 768px\" \/><p id=\"caption-attachment-10532\" class=\"wp-caption-text\">Foto av K3-fotograf<\/p><\/div>\n<p><span style=\"color: #f1cf9c;\">.<\/span><\/p>\n<p>Fallsk\u00e4rmsj\u00e4gare Bj\u00f6rn Janderberg h\u00f6ll ett mycket uppskattat och informativt f\u00f6redrag om Fallsk\u00e4rmsavdelningen och r\u00e4tade ut ett antal fr\u00e5getecken f\u00f6r oss gamla fallsk\u00e4rmsj\u00e4gare p\u00e5 ett v\u00e4lbes\u00f6kt fredagsfika den 24 februari. Dagens organisation, utveckling, teknik, Vingar, USA-resor, ambitioner samt FJS-dag ber\u00f6rdes.\u00a0Fallsk\u00e4rmsavdelningen b\u00e4r FJS traditioner vidare liksom SF och 323:e Fskj komp.<\/p>\n<p>Ett varmt tack till Bj\u00f6rn f\u00f6r att du tog dig tid och gav oss en bra redog\u00f6relse.<\/p>\n<p><span style=\"color: #eecc94;\">.<\/span><\/p>\n<p><span style=\"color: #0000ff;\"><em>(En utmaning till alla Goa Gubbar i och runt styrelsen i klubben: <\/em><\/span><\/p>\n<p><span style=\"color: #0000ff;\"><em>Skapa snarast ett konstruktivt samarbete med Fallsk\u00e4rmsavdelningen, som p\u00e5 gamle kungens tid, \u00a0och s\u00e4kra ett maffigt arrangemang av v\u00e5r kanske sista FJS-dag, och FJS 60-\u00e5rs jubileum! <\/em><\/span><\/p>\n<p><span style=\"color: #0000ff;\"><em>Involvera fanjunkar\u00b4n som murbr\u00e4cka och hitta smidiga l\u00f6sningar! <\/em><\/span><\/p>\n<p><span style=\"color: #0000ff;\"><em>Gl\u00f6m gamla surdegar, se fram\u00e5t och uppt\u00e4ck nya m\u00f6jligheter!<\/em><\/span><\/p>\n<p><span style=\"color: #0000ff;\"><em>\/Svante\/)<\/em><\/span><\/p>\n<p style=\"text-align: left;\"><span style=\"color: #eace99;\">.<\/span><\/p>\n<p style=\"text-align: center;\">\u2666<\/p>\n<p style=\"text-align: left;\"><span style=\"color: #edc48b;\">.<\/span><\/p>\n<h5 style=\"text-align: center;\">Kirunaresa<\/h5>\n<div id=\"attachment_10453\" style=\"width: 778px\" class=\"wp-caption alignnone\"><img loading=\"lazy\" decoding=\"async\" aria-describedby=\"caption-attachment-10453\" class=\" wp-image-10453\" title=\"Kuoppala p\u00e5 Ferrum\" src=\"http:\/\/www.fjs1970.se\/wp-content\/uploads\/2012\/03\/Kuoppala-p\u00e5-Ferrum.jpg\" alt=\"\" width=\"768\" height=\"485\" srcset=\"https:\/\/www.fjs1970.se\/wp-content\/uploads\/2012\/03\/Kuoppala-p\u00e5-Ferrum.jpg 1280w, https:\/\/www.fjs1970.se\/wp-content\/uploads\/2012\/03\/Kuoppala-p\u00e5-Ferrum-300x189.jpg 300w, https:\/\/www.fjs1970.se\/wp-content\/uploads\/2012\/03\/Kuoppala-p\u00e5-Ferrum-1024x647.jpg 1024w\" sizes=\"auto, (max-width: 768px) 100vw, 768px\" \/><p id=\"caption-attachment-10453\" class=\"wp-caption-text\">Bengt Kuoppala i ber\u00e4ttartagen p\u00e5 Ferrum<\/p><\/div>\n<p><span style=\"color: #edd1a0;\">.<\/span><\/p>\n<p>En go och glad Alf Josefsson, GU 53\/54, m\u00f6ter oss vid ankomsten till Kiruna. F\u00f6rberedelser \u00e4r gjorda och vi inkvarteras hos Anna-Britta i Kalixfors varp\u00e5 Alf tar oss ut p\u00e5 en guidad tur. Med v\u00e4rme och entusiasm ber\u00e4ttar han om gamla minnen och om dagens fantastiska utveckling av Kiruna. P\u00e5 kv\u00e4llen bes\u00f6ker Bengt och jag Sven-Erik Fjellborg, GU 70\/71, som bjuder p\u00e5 kaffe med kaffeost och en trevlig pratstund om hundspann, skid\u00e5kning, skidstruktur och mycket annat. En snabbfika visade sig bli flera timmar l\u00e5ng innan vi l\u00e4mnar Kaalasj\u00e4rvi och \u00e5terv\u00e4nder till basen f\u00f6r en god natts s\u00f6mn.<\/p>\n<p>N\u00e4sta dag tr\u00e4ffar vi Bengt Kuoppala som ocks\u00e5 \u00e4r h\u00f6jdpunkten p\u00e5 &#8221;fanjunkare&#8221; Bengt Perssons och min resa.\u00a0En gemensam middag \u00e4r bokad med Skogsm\u00e4nnen och Fallsk\u00e4rmsj\u00e4garna Bengt Kuoppala, Alf Josefsson och Sven-Erik Fjellborg.\u00a0M\u00f6tet \u00f6ver en bit mat p\u00e5 Ferrum blir l\u00e5ngt och under den tiden ber\u00e4ttar en frispr\u00e5kig Bengt Kuoppala om sig sj\u00e4lv och m\u00e4nniskor han m\u00f6tt. M\u00e5nga dr\u00e5pliga historier och hj\u00e4rtliga skratt h\u00f6rs. Bengt Kuoppalas varma, \u00e4rliga och raka karakt\u00e4r speglar hans ber\u00e4ttelser och jag kan till\u00e4gga att b\u00e5de r\u00f6sten och dialekten tycks mig exakt som den var 1970\/71. Jag framf\u00f6r hur omtyckt han var av oss v\u00e4rnpliktiga och att vi g\u00e4rna skulle tr\u00e4ffa honom igen i Karlsborg. Bengt Kuoppala var och \u00e4r f\u00f6r mig en genuin fallsk\u00e4rmsj\u00e4gare.<\/p>\n<p>Bengt P. och jag lovar att efter b\u00e4sta f\u00f6rm\u00e5ga ber\u00e4tta om Kirunaresan i en artikel i tidningen \u00d6rnen fram\u00f6ver och jag kommer ocks\u00e5 att publicera fler bilder h\u00e4r p\u00e5 hemsidan som ber\u00f6r n\u00e5gra av platserna vi befann oss p\u00e5 vintern 1971.<\/p>\n<p>Du som har gamla bilder p\u00e5 Bengt Kuoppala f\u00e5r g\u00e4rna maila dom till mig!<\/p>\n<p><span style=\"color: #edd1a0;\">.<\/span><\/p>\n<div id=\"attachment_10424\" style=\"width: 735px\" class=\"wp-caption alignnone\"><img loading=\"lazy\" decoding=\"async\" aria-describedby=\"caption-attachment-10424\" class=\" wp-image-10424  \" title=\"DSC01365\" src=\"http:\/\/www.fjs1970.se\/wp-content\/uploads\/2012\/02\/DSC01365.jpg\" alt=\"\" width=\"725\" height=\"371\" srcset=\"https:\/\/www.fjs1970.se\/wp-content\/uploads\/2012\/02\/DSC01365.jpg 1280w, https:\/\/www.fjs1970.se\/wp-content\/uploads\/2012\/02\/DSC01365-300x153.jpg 300w, https:\/\/www.fjs1970.se\/wp-content\/uploads\/2012\/02\/DSC01365-1024x524.jpg 1024w\" sizes=\"auto, (max-width: 725px) 100vw, 725px\" \/><p id=\"caption-attachment-10424\" class=\"wp-caption-text\">Bengt Kuoppala, Alf Josefsson, Sven-Erik Fjellborg, Bengt Persson och Svante Larsson p\u00e5 Ferrum i Kiruna.<\/p><\/div>\n<p><span style=\"color: #edc48b;\">.<\/span><\/p>\n<p><span style=\"color: #edc48b;\">.<\/span><\/p>\n<p><img loading=\"lazy\" decoding=\"async\" class=\"wp-image-5241 aligncenter\" title=\"FJS-m\u00e4rke 1970\" src=\"http:\/\/www.fjs1970.se\/wp-content\/uploads\/2010\/06\/FJS-m\u00e4rke1.jpg\" alt=\"\" width=\"86\" height=\"104\" srcset=\"https:\/\/www.fjs1970.se\/wp-content\/uploads\/2010\/06\/FJS-m\u00e4rke1.jpg 397w, https:\/\/www.fjs1970.se\/wp-content\/uploads\/2010\/06\/FJS-m\u00e4rke1-248x300.jpg 248w\" sizes=\"auto, (max-width: 86px) 100vw, 86px\" \/><\/p>\n<h1 style=\"text-align: center;\">\u25ca<\/h1>\n","protected":false},"excerpt":{"rendered":"<p>F\u00f6rsvarsmaktens \u00f6verlevnadsskola, F\u00f6s, arbetar med utbildningar inom Personnel Recovery (PR) och st\u00f6djer utvecklingen av f\u00f6rm\u00e5gan i F\u00f6rsvarsmakten. Personnel Recovery \u00e4r samlingsbegreppet f\u00f6r flera olika typer av \u00e5tg\u00e4rder och operationer med syftet att \u00e5terf\u00f6ra personal som isolerats i samband med en n\u00f6dsituation. . . F\u00f6redrag om F\u00f6rsvarsmaktens \u00f6verlevnadsskola . Nu p\u00e5 fredag, den 9 mars, klockan [&hellip;]<\/p>\n","protected":false},"author":1,"featured_media":0,"comment_status":"closed","ping_status":"closed","sticky":false,"template":"","format":"standard","meta":{"footnotes":""},"categories":[9],"tags":[142,6,5],"class_list":["post-10333","post","type-post","status-publish","format-standard","hentry","category-fjs-och-fallskarmsjagarna","tag-bengt-kuoppala","tag-fallskarmsjagare","tag-fjs"],"_links":{"self":[{"href":"https:\/\/www.fjs1970.se\/index.php?rest_route=\/wp\/v2\/posts\/10333","targetHints":{"allow":["GET"]}}],"collection":[{"href":"https:\/\/www.fjs1970.se\/index.php?rest_route=\/wp\/v2\/posts"}],"about":[{"href":"https:\/\/www.fjs1970.se\/index.php?rest_route=\/wp\/v2\/types\/post"}],"author":[{"embeddable":true,"href":"https:\/\/www.fjs1970.se\/index.php?rest_route=\/wp\/v2\/users\/1"}],"replies":[{"embeddable":true,"href":"https:\/\/www.fjs1970.se\/index.php?rest_route=%2Fwp%2Fv2%2Fcomments&post=10333"}],"version-history":[{"count":290,"href":"https:\/\/www.fjs1970.se\/index.php?rest_route=\/wp\/v2\/posts\/10333\/revisions"}],"predecessor-version":[{"id":10643,"href":"https:\/\/www.fjs1970.se\/index.php?rest_route=\/wp\/v2\/posts\/10333\/revisions\/10643"}],"wp:attachment":[{"href":"https:\/\/www.fjs1970.se\/index.php?rest_route=%2Fwp%2Fv2%2Fmedia&parent=10333"}],"wp:term":[{"taxonomy":"category","embeddable":true,"href":"https:\/\/www.fjs1970.se\/index.php?rest_route=%2Fwp%2Fv2%2Fcategories&post=10333"},{"taxonomy":"post_tag","embeddable":true,"href":"https:\/\/www.fjs1970.se\/index.php?rest_route=%2Fwp%2Fv2%2Ftags&post=10333"}],"curies":[{"name":"wp","href":"https:\/\/api.w.org\/{rel}","templated":true}]}}