{"id":10189,"date":"2012-02-16T05:36:07","date_gmt":"2012-02-16T04:36:07","guid":{"rendered":"http:\/\/www.fjs1970.se\/?p=10189"},"modified":"2012-02-19T20:21:56","modified_gmt":"2012-02-19T19:21:56","slug":"bjorn-janderberg-berattar-om-fallskarmsavdelningen-pa-skarmen-nasta-fredag-den-24-februari","status":"publish","type":"post","link":"https:\/\/www.fjs1970.se\/?p=10189","title":{"rendered":"Bj\u00f6rn Janderberg ber\u00e4ttar om Fallsk\u00e4rmsavdelningen p\u00e5 Sk\u00e4rmen n\u00e4sta fredag den 24 februari"},"content":{"rendered":"<div id=\"attachment_10190\" style=\"width: 710px\" class=\"wp-caption alignnone\"><img loading=\"lazy\" decoding=\"async\" aria-describedby=\"caption-attachment-10190\" class=\" wp-image-10190 \" title=\"DSC08047\" src=\"http:\/\/www.fjs1970.se\/wp-content\/uploads\/2012\/02\/DSC08047.jpg\" alt=\"\" width=\"700\" height=\"467\" srcset=\"https:\/\/www.fjs1970.se\/wp-content\/uploads\/2012\/02\/DSC08047.jpg 778w, https:\/\/www.fjs1970.se\/wp-content\/uploads\/2012\/02\/DSC08047-300x200.jpg 300w\" sizes=\"auto, (max-width: 700px) 100vw, 700px\" \/><p id=\"caption-attachment-10190\" class=\"wp-caption-text\">Foto: Laila p\u00e5 FA<\/p><\/div>\n<div id=\"attachment_10192\" style=\"width: 710px\" class=\"wp-caption alignnone\"><img loading=\"lazy\" decoding=\"async\" aria-describedby=\"caption-attachment-10192\" class=\" wp-image-10192 \" title=\"DSC07963\" src=\"http:\/\/www.fjs1970.se\/wp-content\/uploads\/2012\/02\/DSC07963.jpg\" alt=\"\" width=\"700\" height=\"467\" srcset=\"https:\/\/www.fjs1970.se\/wp-content\/uploads\/2012\/02\/DSC07963.jpg 778w, https:\/\/www.fjs1970.se\/wp-content\/uploads\/2012\/02\/DSC07963-300x200.jpg 300w\" sizes=\"auto, (max-width: 700px) 100vw, 700px\" \/><p id=\"caption-attachment-10192\" class=\"wp-caption-text\">Foto: Laila p\u00e5 FA<\/p><\/div>\n<p><span style=\"color: #e5c494;\">.<\/span><\/p>\n<h5 style=\"text-align: center;\">F\u00f6redrag<\/h5>\n<h5 style=\"text-align: center;\">om<\/h5>\n<h5 style=\"text-align: center;\">Fallsk\u00e4rmsavdelningen<\/h5>\n<p>Fallsk\u00e4rmsj\u00e4garskolan (FJS), i den form som vi hade 1970\/71 och under ledning av en skolchef, upph\u00f6rde 2008. Idag \u00e4r Fallsk\u00e4rmsavdelningen och 323:e Fallsk\u00e4rmsj\u00e4garkompaniet skilda \u00e5t och verkar var f\u00f6r sig p\u00e5 K3.<\/p>\n<p>F\u00f6r att ber\u00e4tta om sina verksamheter f\u00e5r vi bes\u00f6k p\u00e5 Sk\u00e4rmen av Fallsk\u00e4rmsavdelningens Bj\u00f6rn Janderberg den 24 februari klockan 14.30 och\u00a0323:e Fallsk\u00e4rmsj\u00e4garkompaniets Tornie Ottersten den 20 april klockan 14.30.\u00a0Du som vill veta mer om dagens fallsk\u00e4rmsj\u00e4gare ges h\u00e4r ett gyllene tillf\u00e4lle att lyssna och st\u00e4lla fr\u00e5gor \u00f6ver en fika p\u00e5 Sk\u00e4rmen.<\/p>\n<p>Vi kommer ocks\u00e5 att bjudas p\u00e5 f\u00f6redrag den 9 mars klockan 14.30 av Tor Cavalli-Bj\u00f6rkman d\u00e5 han ber\u00e4ttar om F\u00f6rsvarets \u00f6verlevnadsskola och den 23 mars klockan 14.30 av Per Ingemarson fr\u00e5n K3, som kommer att ge en helhetsbild av verksamheten p\u00e5 regementet.<\/p>\n<p>Har Du fr\u00e5gor s\u00e5 kontakta mig p\u00e5 L\u00e4gertelefonen 0703-646791<\/p>\n<p><span style=\"color: #e9cb9a;\">.<\/span><\/p>\n<p><strong><span style=\"text-decoration: underline;\">N\u00e4sta fredag den 24 mars klockan 14.30 kommer Bj\u00f6rn Janderberg till Sk\u00e4rmen och ber\u00e4ttar om Fallsk\u00e4rmsavdelningen.<\/span><\/strong><\/p>\n<p>Alla \u00e4r hj\u00e4rtligt v\u00e4lkomna!<\/p>\n<p><span style=\"color: #e5c494;\">.<\/span><\/p>\n<p><span style=\"color: #e9cd99;\">.<\/span><\/p>\n<p>H\u00e4lsningar fr\u00e5n ett kallt och sn\u00f6t\u00e4ckt Kalleborg,<\/p>\n<p>201 Larsson<\/p>\n<p>0706-913891<\/p>\n<p><span style=\"color: #e5c494;\">.<\/span><\/p>\n<p><em>PS.<\/em><\/p>\n<p><em>Nu p\u00e5 m\u00e5ndag, den 20 februari, \u00e5ker ett g\u00e4ng glada ynglingar till \u00c5land med M\/S Cinderella f\u00f6r att tj\u00f4ta och umg\u00e5s \u00f6ver en bit mat. Avg\u00e5ng klockan 18.00 fr\u00e5n Stadsg\u00e5rden, Viking-terminalen mitt i Stockholm, och \u00e5ter tisdag eftermiddag 15.30. <\/em><\/p>\n<p><em>Vi som redan bokat in oss \u00e4r f\u00f6ljande fallsk\u00e4rmsj\u00e4gare: Tore &#8221;Sam&#8221; Samuelsson, Bengt Persson, Yngve Persson, Svante Larsson.<\/em><\/p>\n<p><em>Harry Lantz meddelar att han ocks\u00e5 f\u00f6ljer med.<\/em><\/p>\n<p><em>Du som vill g\u00f6ra oss s\u00e4llskap p\u00e5 resan \u00e4r varmt v\u00e4lkommen!\u00a0Viking Line Bokningstelefon 08-452 40 00<\/em><\/p>\n<p><em>DS.<\/em><\/p>\n<p><span style=\"color: #e5c494;\">.<\/span><\/p>\n<p><span style=\"color: #e5c494;\">.<\/span><\/p>\n<div id=\"attachment_10193\" style=\"width: 701px\" class=\"wp-caption alignnone\"><img loading=\"lazy\" decoding=\"async\" aria-describedby=\"caption-attachment-10193\" class=\" wp-image-10193  \" title=\"DSC00355\" src=\"http:\/\/www.fjs1970.se\/wp-content\/uploads\/2012\/02\/DSC00355.jpg\" alt=\"\" width=\"691\" height=\"378\" srcset=\"https:\/\/www.fjs1970.se\/wp-content\/uploads\/2012\/02\/DSC00355.jpg 1280w, https:\/\/www.fjs1970.se\/wp-content\/uploads\/2012\/02\/DSC00355-300x164.jpg 300w, https:\/\/www.fjs1970.se\/wp-content\/uploads\/2012\/02\/DSC00355-1024x560.jpg 1024w\" sizes=\"auto, (max-width: 691px) 100vw, 691px\" \/><p id=\"caption-attachment-10193\" class=\"wp-caption-text\">Bj\u00f6rn Janderberg och Mikael H\u00e5gner fr\u00e5n Fallsk\u00e4rmsavdelningen<\/p><\/div>\n<p><span style=\"color: #e5c494;\">.<\/span><\/p>\n<p><span style=\"color: #e5c494;\">.<\/span><\/p>\n<p><img loading=\"lazy\" decoding=\"async\" class=\"wp-image-5241 aligncenter\" title=\"FJS-m\u00e4rke 1970\" src=\"http:\/\/www.fjs1970.se\/wp-content\/uploads\/2010\/06\/FJS-m\u00e4rke1.jpg\" alt=\"\" width=\"86\" height=\"104\" srcset=\"https:\/\/www.fjs1970.se\/wp-content\/uploads\/2010\/06\/FJS-m\u00e4rke1.jpg 397w, https:\/\/www.fjs1970.se\/wp-content\/uploads\/2010\/06\/FJS-m\u00e4rke1-248x300.jpg 248w\" sizes=\"auto, (max-width: 86px) 100vw, 86px\" \/><\/p>\n<h1 style=\"text-align: center;\">\u25ca<\/h1>\n","protected":false},"excerpt":{"rendered":"<p>. F\u00f6redrag om Fallsk\u00e4rmsavdelningen Fallsk\u00e4rmsj\u00e4garskolan (FJS), i den form som vi hade 1970\/71 och under ledning av en skolchef, upph\u00f6rde 2008. Idag \u00e4r Fallsk\u00e4rmsavdelningen och 323:e Fallsk\u00e4rmsj\u00e4garkompaniet skilda \u00e5t och verkar var f\u00f6r sig p\u00e5 K3. F\u00f6r att ber\u00e4tta om sina verksamheter f\u00e5r vi bes\u00f6k p\u00e5 Sk\u00e4rmen av Fallsk\u00e4rmsavdelningens Bj\u00f6rn Janderberg den 24 februari klockan [&hellip;]<\/p>\n","protected":false},"author":1,"featured_media":0,"comment_status":"closed","ping_status":"closed","sticky":false,"template":"","format":"standard","meta":{"footnotes":""},"categories":[9],"tags":[6,5],"class_list":["post-10189","post","type-post","status-publish","format-standard","hentry","category-fjs-och-fallskarmsjagarna","tag-fallskarmsjagare","tag-fjs"],"_links":{"self":[{"href":"https:\/\/www.fjs1970.se\/index.php?rest_route=\/wp\/v2\/posts\/10189","targetHints":{"allow":["GET"]}}],"collection":[{"href":"https:\/\/www.fjs1970.se\/index.php?rest_route=\/wp\/v2\/posts"}],"about":[{"href":"https:\/\/www.fjs1970.se\/index.php?rest_route=\/wp\/v2\/types\/post"}],"author":[{"embeddable":true,"href":"https:\/\/www.fjs1970.se\/index.php?rest_route=\/wp\/v2\/users\/1"}],"replies":[{"embeddable":true,"href":"https:\/\/www.fjs1970.se\/index.php?rest_route=%2Fwp%2Fv2%2Fcomments&post=10189"}],"version-history":[{"count":139,"href":"https:\/\/www.fjs1970.se\/index.php?rest_route=\/wp\/v2\/posts\/10189\/revisions"}],"predecessor-version":[{"id":10332,"href":"https:\/\/www.fjs1970.se\/index.php?rest_route=\/wp\/v2\/posts\/10189\/revisions\/10332"}],"wp:attachment":[{"href":"https:\/\/www.fjs1970.se\/index.php?rest_route=%2Fwp%2Fv2%2Fmedia&parent=10189"}],"wp:term":[{"taxonomy":"category","embeddable":true,"href":"https:\/\/www.fjs1970.se\/index.php?rest_route=%2Fwp%2Fv2%2Fcategories&post=10189"},{"taxonomy":"post_tag","embeddable":true,"href":"https:\/\/www.fjs1970.se\/index.php?rest_route=%2Fwp%2Fv2%2Ftags&post=10189"}],"curies":[{"name":"wp","href":"https:\/\/api.w.org\/{rel}","templated":true}]}}