{"id":10021,"date":"2012-01-19T05:41:49","date_gmt":"2012-01-19T04:41:49","guid":{"rendered":"http:\/\/www.fjs1970.se\/?p=10021"},"modified":"2012-01-19T05:44:46","modified_gmt":"2012-01-19T04:44:46","slug":"flyg-bromma-kiruna-den-9-januari-1971","status":"publish","type":"post","link":"https:\/\/www.fjs1970.se\/?p=10021","title":{"rendered":"Flyg Bromma &#8211; Kiruna den 9 januari 1971"},"content":{"rendered":"<div id=\"attachment_10123\" style=\"width: 736px\" class=\"wp-caption alignnone\"><img loading=\"lazy\" decoding=\"async\" aria-describedby=\"caption-attachment-10123\" class=\" wp-image-10123   \" title=\"img007_2\" src=\"http:\/\/www.fjs1970.se\/wp-content\/uploads\/2012\/01\/img007_2.jpg\" alt=\"\" width=\"726\" height=\"525\" srcset=\"https:\/\/www.fjs1970.se\/wp-content\/uploads\/2012\/01\/img007_2.jpg 897w, https:\/\/www.fjs1970.se\/wp-content\/uploads\/2012\/01\/img007_2-300x216.jpg 300w\" sizes=\"auto, (max-width: 726px) 100vw, 726px\" \/><p id=\"caption-attachment-10123\" class=\"wp-caption-text\">En vacker och hett omsv\u00e4rmad flygv\u00e4rdinna p\u00e5 en DC 3:a p\u00e5 v\u00e4g fr\u00e5n Bromma till Kiruna den 9 januari 1971. Krejci och Bj\u00f6rnehammar.<\/p><\/div>\n<p><span style=\"color: #e3c48b;\">.<\/span><\/p>\n<h5>Mail fr\u00e5n Bj\u00f6rnehammar med bilder och texten&#8230;<\/h5>\n<p><span style=\"color: #0000ff;\"><em>Vi fl\u00f6g upp med en gammal DC3 fr\u00e5n Bromma vill jag minnas efter att n\u00e5gon gjort en blixtutryckning till systembolaget vid Brommaplan.<\/em><\/span><\/p>\n<p>&nbsp;<\/p>\n<p><span style=\"color: #0000ff;\">Bengt<\/span><\/p>\n<p><span style=\"color: #eacb99;\">.<\/span><\/p>\n<p style=\"text-align: center;\">\u2666<\/p>\n<p style=\"text-align: left;\"><span style=\"color: #eacb99;\">.<\/span><\/p>\n<p>G\u00f6tt med bilder som pl\u00f6tsligt dyker upp och bekr\u00e4ftar gamla minnen \u00e4ven om de, som i det h\u00e4r fallet, kanske inte \u00e4r s\u00e5 positiva f\u00f6r min egen del, men det \u00e4r v\u00e4l sm\u00e4llar som man f\u00e5r ta. Jag har tidigare s\u00f6kt bekr\u00e4ftelse p\u00e5 den h\u00e4r flygresan och f\u00e5tt klartecken fr\u00e5n Christer Jansson, vilket inneb\u00e4r att vi nu \u00e4r tre som har mer eller mindre klara minnen av resan upp till Kiruna efter juluppeh\u00e5llet. F\u00f6r \u00f6vrigt \u00e4r jag inte det minsta f\u00f6rv\u00e5nad \u00f6ver att s\u00e5 f\u00e5 kommer ih\u00e5g den h\u00e4r resan, f\u00f6r i mitt diffusa minne\u00a0var till och med toaletterna fulla vid ankomsten till Kiruna\u2026<\/p>\n<p><span style=\"color: #eacb99;\">.<\/span><\/p>\n<p>Med v\u00e4nlig (och nykter) h\u00e4lsning fr\u00e5n Kalleborg,<\/p>\n<p style=\"text-align: left;\">Svante<\/p>\n<p style=\"text-align: left;\"><span style=\"color: #eacb99;\">.<\/span><\/p>\n<p style=\"text-align: left;\">PS. Fler sp\u00e4nnande bilder fr\u00e5n Bj\u00f6rnehammar kommer att publiceras fram\u00f6ver. DS.<\/p>\n<p><span style=\"color: #eacb99;\">.<\/span><\/p>\n<div id=\"attachment_10016\" style=\"width: 749px\" class=\"wp-caption alignnone\"><img loading=\"lazy\" decoding=\"async\" aria-describedby=\"caption-attachment-10016\" class=\" wp-image-10016 \" title=\"Bj\u00f6rnehammar img003\" src=\"http:\/\/www.fjs1970.se\/wp-content\/uploads\/2012\/01\/img003.jpg\" alt=\"\" width=\"739\" height=\"730\" srcset=\"https:\/\/www.fjs1970.se\/wp-content\/uploads\/2012\/01\/img003.jpg 924w, https:\/\/www.fjs1970.se\/wp-content\/uploads\/2012\/01\/img003-300x296.jpg 300w\" sizes=\"auto, (max-width: 739px) 100vw, 739px\" \/><p id=\"caption-attachment-10016\" class=\"wp-caption-text\">Boman, Bj\u00f6rnehammar och Plars<\/p><\/div>\n<div id=\"attachment_10017\" style=\"width: 747px\" class=\"wp-caption alignnone\"><img loading=\"lazy\" decoding=\"async\" aria-describedby=\"caption-attachment-10017\" class=\" wp-image-10017   \" title=\"Bjornehammar img004\" src=\"http:\/\/www.fjs1970.se\/wp-content\/uploads\/2012\/01\/img004-1024x900.jpg\" alt=\"\" width=\"737\" height=\"648\" srcset=\"https:\/\/www.fjs1970.se\/wp-content\/uploads\/2012\/01\/img004-1024x900.jpg 1024w, https:\/\/www.fjs1970.se\/wp-content\/uploads\/2012\/01\/img004-300x263.jpg 300w, https:\/\/www.fjs1970.se\/wp-content\/uploads\/2012\/01\/img004.jpg 1044w\" sizes=\"auto, (max-width: 737px) 100vw, 737px\" \/><p id=\"caption-attachment-10017\" class=\"wp-caption-text\">Liljehammar, Lindqvist och G\u00f6thner.<\/p><\/div>\n<div id=\"attachment_10018\" style=\"width: 744px\" class=\"wp-caption alignnone\"><img loading=\"lazy\" decoding=\"async\" aria-describedby=\"caption-attachment-10018\" class=\" wp-image-10018        \" title=\"Bjornehammar img005\" src=\"http:\/\/www.fjs1970.se\/wp-content\/uploads\/2012\/01\/img005.jpg\" alt=\"\" width=\"734\" height=\"734\" srcset=\"https:\/\/www.fjs1970.se\/wp-content\/uploads\/2012\/01\/img005.jpg 918w, https:\/\/www.fjs1970.se\/wp-content\/uploads\/2012\/01\/img005-150x150.jpg 150w, https:\/\/www.fjs1970.se\/wp-content\/uploads\/2012\/01\/img005-300x300.jpg 300w\" sizes=\"auto, (max-width: 734px) 100vw, 734px\" \/><p id=\"caption-attachment-10018\" class=\"wp-caption-text\">\u00c4ven solen har sina fl\u00e4ckar... Nobbad av flygv\u00e4rdinnan dr\u00e4nker Larsson sina sorger bredvid en tr\u00f6stande Olsson.<\/p><\/div>\n<p><span style=\"color: #eacb99;\">.<\/span><\/p>\n<p><span style=\"color: #eacb99;\">.<\/span><\/p>\n<p>&nbsp;<\/p>\n<p><img loading=\"lazy\" decoding=\"async\" class=\"wp-image-5241 aligncenter\" title=\"FJS-m\u00e4rke 1970\" src=\"http:\/\/www.fjs1970.se\/wp-content\/uploads\/2010\/06\/FJS-m\u00e4rke1.jpg\" alt=\"\" width=\"86\" height=\"104\" srcset=\"https:\/\/www.fjs1970.se\/wp-content\/uploads\/2010\/06\/FJS-m\u00e4rke1.jpg 397w, https:\/\/www.fjs1970.se\/wp-content\/uploads\/2010\/06\/FJS-m\u00e4rke1-248x300.jpg 248w\" sizes=\"auto, (max-width: 86px) 100vw, 86px\" \/><\/p>\n<h1 style=\"text-align: center;\">\u25ca<\/h1>\n","protected":false},"excerpt":{"rendered":"<p>. Mail fr\u00e5n Bj\u00f6rnehammar med bilder och texten&#8230; Vi fl\u00f6g upp med en gammal DC3 fr\u00e5n Bromma vill jag minnas efter att n\u00e5gon gjort en blixtutryckning till systembolaget vid Brommaplan. &nbsp; Bengt . \u2666 . G\u00f6tt med bilder som pl\u00f6tsligt dyker upp och bekr\u00e4ftar gamla minnen \u00e4ven om de, som i det h\u00e4r fallet, kanske [&hellip;]<\/p>\n","protected":false},"author":1,"featured_media":0,"comment_status":"closed","ping_status":"closed","sticky":false,"template":"","format":"standard","meta":{"footnotes":""},"categories":[9],"tags":[6,5],"class_list":["post-10021","post","type-post","status-publish","format-standard","hentry","category-fjs-och-fallskarmsjagarna","tag-fallskarmsjagare","tag-fjs"],"_links":{"self":[{"href":"https:\/\/www.fjs1970.se\/index.php?rest_route=\/wp\/v2\/posts\/10021","targetHints":{"allow":["GET"]}}],"collection":[{"href":"https:\/\/www.fjs1970.se\/index.php?rest_route=\/wp\/v2\/posts"}],"about":[{"href":"https:\/\/www.fjs1970.se\/index.php?rest_route=\/wp\/v2\/types\/post"}],"author":[{"embeddable":true,"href":"https:\/\/www.fjs1970.se\/index.php?rest_route=\/wp\/v2\/users\/1"}],"replies":[{"embeddable":true,"href":"https:\/\/www.fjs1970.se\/index.php?rest_route=%2Fwp%2Fv2%2Fcomments&post=10021"}],"version-history":[{"count":95,"href":"https:\/\/www.fjs1970.se\/index.php?rest_route=\/wp\/v2\/posts\/10021\/revisions"}],"predecessor-version":[{"id":10150,"href":"https:\/\/www.fjs1970.se\/index.php?rest_route=\/wp\/v2\/posts\/10021\/revisions\/10150"}],"wp:attachment":[{"href":"https:\/\/www.fjs1970.se\/index.php?rest_route=%2Fwp%2Fv2%2Fmedia&parent=10021"}],"wp:term":[{"taxonomy":"category","embeddable":true,"href":"https:\/\/www.fjs1970.se\/index.php?rest_route=%2Fwp%2Fv2%2Fcategories&post=10021"},{"taxonomy":"post_tag","embeddable":true,"href":"https:\/\/www.fjs1970.se\/index.php?rest_route=%2Fwp%2Fv2%2Ftags&post=10021"}],"curies":[{"name":"wp","href":"https:\/\/api.w.org\/{rel}","templated":true}]}}